{"id":9578,"date":"2021-08-19T12:07:39","date_gmt":"2021-08-19T10:07:39","guid":{"rendered":"https:\/\/zszastavka.cz\/?p=9578"},"modified":"2025-04-30T10:29:49","modified_gmt":"2025-04-30T08:29:49","slug":"zahajeni-skolniho-roku-dokumenty","status":"publish","type":"post","link":"https:\/\/zszastavka.cz\/?p=9578","title":{"rendered":"Zah\u00e1jen\u00ed \u0161koln\u00edho roku \u2013 informace"},"content":{"rendered":"\n<p>Informace k zah\u00e1jen\u00ed \u0161koln\u00edho roku <strong>(testov\u00e1n\u00ed, podm\u00ednky pou\u017e\u00edv\u00e1n\u00ed ochrann\u00fdch prost\u0159edk\u016f, organizace \u0161koln\u00edho roku, dokumenty a dal\u0161\u00ed) <\/strong>naleznete v tomto p\u0159\u00edsp\u011bvku n\u00ed\u017ee.<\/p>\n\n\n\n<p><strong><span class=\"has-inline-color has-vivid-red-color\">TESTOV\u00c1N\u00cd<\/span><\/strong><\/p>\n\n\n\n<p>Ve \u0161kole prob\u011bhne antigenn\u00ed preventivn\u00ed screeningov\u00e9 testov\u00e1n\u00ed \u017e\u00e1k\u016f s frekvenc\u00ed 3x po sob\u011b, prvn\u00ed test se provede 1.&nbsp;z\u00e1\u0159\u00ed 2021 (mimo prvn\u00ed t\u0159\u00eddy, kde se prvn\u00ed test provede druh\u00fd den \u0161koln\u00edho vyu\u010dov\u00e1n\u00ed). D\u00e1le se testuje v term\u00ednech 6.&nbsp;z\u00e1\u0159\u00ed a 9.&nbsp;z\u00e1\u0159\u00ed 2021.<\/p>\n\n\n\n<p class=\"has-white-color has-text-color has-background\" style=\"background-color:#099561\"><strong>Testov\u00e1n\u00ed nepodstupuj\u00ed d\u011bti a \u017e\u00e1ci, kte\u0159\u00ed spln\u00ed podm\u00ednky stanoven\u00e9 pro bezinfek\u010dnost po o\u010dkov\u00e1n\u00ed (14 dn\u016f po pln\u011b dokon\u010den\u00e9m o\u010dkov\u00e1n\u00ed) nebo po prod\u011blan\u00e9m onemocn\u011bn\u00ed covid-19 (po dobu 180 dn\u00ed od prvn\u00edho pozitivn\u00edho testu na covid-19), p\u0159\u00edpadn\u011b d\u00edt\u011b nebo \u017e\u00e1k, kter\u00fd dolo\u017e\u00ed negativn\u00ed v\u00fdsledek testu proveden\u00e9ho v odb\u011brov\u00e9m m\u00edst\u011b<\/strong> (viz strana 12 p\u0159ilo\u017een\u00e9ho manu\u00e1lu).<\/p>\n\n\n\n<p>Pokud se d\u00edt\u011b nebo \u017e\u00e1k screeningov\u00e9mu testov\u00e1n\u00ed nepodrob\u00ed, bude se moci prezen\u010dn\u00ed v\u00fduky \u00fa\u010dastnit, ale za podm\u00ednek nastaven\u00fdch mimo\u0159\u00e1dn\u00fdm opat\u0159en\u00edm Ministerstva zdravotnictv\u00ed (<strong>viz strana 13<\/strong> p\u0159ilo\u017een\u00e9ho manu\u00e1lu).<\/p>\n\n\n\n<p class=\"has-white-color has-vivid-red-background-color has-text-color has-background\">D\u011btem a \u017e\u00e1k\u016fm, kte\u0159\u00ed maj\u00ed pozitivn\u00ed v\u00fdsledek testov\u00e1n\u00ed, je nad\u00e1le zak\u00e1z\u00e1na osobn\u00ed p\u0159\u00edtomnost na vzd\u011bl\u00e1v\u00e1n\u00ed (n\u00e1sledn\u00e9 kroky v p\u0159\u00edpad\u011b pozitivn\u00edho v\u00fdsledku <strong>viz strana 18-19<\/strong> p\u0159ilo\u017een\u00e9ho manu\u00e1lu).<\/p>\n\n\n\n<p>Nej\u010dast\u011bj\u0161\u00ed ot\u00e1zky a odpov\u011bdi (FAQ Covid-19) na webu M\u0160MT.<\/p>\n\n\n\n<p><strong><span class=\"has-inline-color has-vivid-cyan-blue-color\">OCHRANN\u00c9 PROST\u0158EDKY<\/span><\/strong><\/p>\n\n\n\n<p>D\u011bti a \u017e\u00e1ci nos\u00ed ochrann\u00fd prost\u0159edek ve spole\u010dn\u00fdch prostorech \u0161koly nebo \u0161kolsk\u00e9ho za\u0159\u00edzen\u00ed, v p\u0159\u00edpad\u011b, kdy jsou usazeni, ochrann\u00fd prost\u0159edek m\u00edt nemus\u00ed.<\/p>\n\n\n\n<p>Netestovan\u00fd \u017e\u00e1k se bude moci \u00fa\u010dastnit prezen\u010dn\u00ed v\u00fduky a dal\u0161\u00edch aktivit v z\u00e1kladn\u00ed a st\u0159edn\u00ed \u0161kole, \u0161koln\u00ed dru\u017ein\u011b nebo \u0161koln\u00edm klubu pouze za dodr\u017een\u00ed p\u0159\u00edsn\u011bj\u0161\u00edch re\u017eimov\u00fdch opat\u0159en\u00ed, konkr\u00e9tn\u011b <strong>viz strana 13<\/strong> p\u0159ilo\u017een\u00e9ho manu\u00e1lu.<\/p>\n\n\n\n<p><span class=\"has-inline-color has-vivid-green-cyan-color\"><strong>ORGANIZACE \u0160KOLN\u00cdHO ROKU<\/strong><\/span><\/p>\n\n\n\n<p>V dokumentu <em>Organiza\u010dn\u00ed opat\u0159en\u00ed pro \u0161koln\u00ed rok 2021\/2022<\/em> naleznete informace k pr\u016fb\u011bhu \u0161koln\u00edho roku. Zkr\u00e1cen\u00e1 verze bude k dispozici tak\u00e9 v Informa\u010dn\u00ed bro\u017eu\u0159e \u0161koly 2021\/2022.<\/p>\n\n\n\n<p><strong>POM\u016eCKY<\/strong><\/p>\n\n\n\n<p>Ke sta\u017een\u00ed n\u00ed\u017ee naleznete seznam pot\u0159eb a pom\u016fcek pro \u0161koln\u00ed rok 2021\/2022.<\/p>\n","protected":false},"excerpt":{"rendered":"<p>Informace k zah\u00e1jen\u00ed \u0161koln\u00edho roku (testov\u00e1n\u00ed, podm\u00ednky pou\u017e\u00edv\u00e1n\u00ed ochrann\u00fdch prost\u0159edk\u016f, organizace \u0161koln\u00edho roku, dokumenty a dal\u0161\u00ed) naleznete v tomto p\u0159\u00edsp\u011bvku n\u00ed\u017ee. TESTOV\u00c1N\u00cd Ve \u0161kole prob\u011bhne antigenn\u00ed preventivn\u00ed screeningov\u00e9 testov\u00e1n\u00ed \u017e\u00e1k\u016f s frekvenc\u00ed 3x po sob\u011b, prvn\u00ed test se provede 1.&nbsp;z\u00e1\u0159\u00ed 2021 (mimo prvn\u00ed t\u0159\u00eddy, kde se prvn\u00ed test provede druh\u00fd den \u0161koln\u00edho vyu\u010dov\u00e1n\u00ed). D\u00e1le se&hellip;<\/p>\n","protected":false},"author":1,"featured_media":3080,"comment_status":"closed","ping_status":"closed","sticky":false,"template":"","format":"standard","meta":{"footnotes":""},"categories":[116,5,72,3],"tags":[65,67],"class_list":["post-9578","post","type-post","status-publish","format-standard","has-post-thumbnail","hentry","category-skolnirok","category-kalendar-akci","category-mimoradna-opatreni","category-novinky","tag-vzdelavani","tag-zs"],"_links":{"self":[{"href":"https:\/\/zszastavka.cz\/index.php?rest_route=\/wp\/v2\/posts\/9578","targetHints":{"allow":["GET"]}}],"collection":[{"href":"https:\/\/zszastavka.cz\/index.php?rest_route=\/wp\/v2\/posts"}],"about":[{"href":"https:\/\/zszastavka.cz\/index.php?rest_route=\/wp\/v2\/types\/post"}],"author":[{"embeddable":true,"href":"https:\/\/zszastavka.cz\/index.php?rest_route=\/wp\/v2\/users\/1"}],"replies":[{"embeddable":true,"href":"https:\/\/zszastavka.cz\/index.php?rest_route=%2Fwp%2Fv2%2Fcomments&post=9578"}],"version-history":[{"count":7,"href":"https:\/\/zszastavka.cz\/index.php?rest_route=\/wp\/v2\/posts\/9578\/revisions"}],"predecessor-version":[{"id":23799,"href":"https:\/\/zszastavka.cz\/index.php?rest_route=\/wp\/v2\/posts\/9578\/revisions\/23799"}],"wp:featuredmedia":[{"embeddable":true,"href":"https:\/\/zszastavka.cz\/index.php?rest_route=\/wp\/v2\/media\/3080"}],"wp:attachment":[{"href":"https:\/\/zszastavka.cz\/index.php?rest_route=%2Fwp%2Fv2%2Fmedia&parent=9578"}],"wp:term":[{"taxonomy":"category","embeddable":true,"href":"https:\/\/zszastavka.cz\/index.php?rest_route=%2Fwp%2Fv2%2Fcategories&post=9578"},{"taxonomy":"post_tag","embeddable":true,"href":"https:\/\/zszastavka.cz\/index.php?rest_route=%2Fwp%2Fv2%2Ftags&post=9578"}],"curies":[{"name":"wp","href":"https:\/\/api.w.org\/{rel}","templated":true}]}}