{"id":9569,"date":"2021-07-21T10:50:27","date_gmt":"2021-07-21T08:50:27","guid":{"rendered":"https:\/\/zszastavka.cz\/?p=9569"},"modified":"2021-12-10T14:29:43","modified_gmt":"2021-12-10T13:29:43","slug":"vlada-schvalila-plan-zarijoveho-testovani","status":"publish","type":"post","link":"https:\/\/zszastavka.cz\/?p=9569","title":{"rendered":"Vl\u00e1da schv\u00e1lila pl\u00e1n z\u00e1\u0159ijov\u00e9ho testov\u00e1n\u00ed"},"content":{"rendered":"\n<p>Misterstvo zdravotnictv\u00ed p\u0159ipravilo ve spolupr\u00e1ci s\u00a0resortem \u0161kolstv\u00ed pl\u00e1n plo\u0161n\u00e9ho testov\u00e1n\u00ed na covid-19 ve \u0161kol\u00e1ch pro podzimn\u00ed n\u00e1vrat \u017e\u00e1k\u016f do lavic. \u017d\u00e1ky \u010dekaj\u00ed t\u0159i antigenn\u00ed testy v\u00a0rozmez\u00ed n\u011bkolika dn\u016f.\u00a0Pl\u00e1n dnes na sv\u00e9m jedn\u00e1n\u00ed schv\u00e1lila vl\u00e1da.<\/p>\n\n\n\n<!--more-->\n\n\n\n<p>\u201e<strong><em>Hlavn\u00edm c\u00edlem plo\u0161n\u00e9ho testov\u00e1n\u00ed je zajistit bezpe\u010dn\u00fd popr\u00e1zdninov\u00fd n\u00e1vrat d\u011bt\u00ed a \u017e\u00e1k\u016f a student\u016f k prezen\u010dn\u00edmu vzd\u011bl\u00e1v\u00e1n\u00ed a hned v po\u010d\u00e1tku \u0161koln\u00edho roku minimalizovat riziko p\u0159enosu onemocn\u011bn\u00ed covid-19 v t\u00e9to popula\u010dn\u00ed skupin\u011b. T\u00edm tak\u00e9 p\u0159edejdeme vzniku p\u0159\u00edpadn\u00fdch ohnisek n\u00e1kazy, kter\u00e1 by se mohla st\u00e1t z\u00e1kladem pro dal\u0161\u00ed \u0161\u00ed\u0159en\u00ed infekce a zhor\u0161en\u00ed epidemiologick\u00e9 situace na podzim tohoto roku<\/em><\/strong>,\u201c popsal ministr zdravotnictv\u00ed Adam Vojt\u011bch.<\/p>\n\n\n\n<p>Testov\u00e1n\u00ed bude prob\u00edhat antigenn\u00edmi testy b\u011bhem prvn\u00edch dn\u016f \u0161koln\u00edho roku 2021\/22 a bude se t\u00fdkat p\u0159\u00edpravn\u00fdch t\u0159\u00edd z\u00e1kladn\u00edch \u0161kol, p\u0159\u00edpravn\u00e9ho stupn\u011b z\u00e1kladn\u00edch \u0161kol speci\u00e1ln\u00edch, d\u00e1le z\u00e1kladn\u00edch a st\u0159edn\u00edch \u0161kol a konzervato\u0159\u00ed v denn\u00ed form\u011b vzd\u011bl\u00e1v\u00e1n\u00ed.<strong><em>&nbsp;\u201eOce\u0148uji, \u017ee se ministerstvu zdravotnictv\u00ed poda\u0159ilo stihnout sl\u00edben\u00fd term\u00edn a \u0161koly tak informace dostanou je\u0161t\u011b p\u0159ed koncem tohoto \u0161koln\u00edho roku. Tak\u00e9 jsem velmi r\u00e1d, \u017ee se prv\u0148\u00e1\u010dci budou moci testovat a\u017e druh\u00fd \u0161koln\u00ed den, a stejn\u011b tak, \u017ee \u0161koly budou moci k testov\u00e1n\u00ed po pr\u00e1zdnin\u00e1ch vyu\u017e\u00edt tak\u00e9 PCR testy s p\u0159\u00edsp\u011bvkem ze strany ministerstva \u0161kolstv\u00ed,\u201c<\/em><\/strong>&nbsp;\u0159ekl k materi\u00e1lu ministr \u0161kolstv\u00ed Robert Plaga.<\/p>\n\n\n\n<p>K testov\u00e1n\u00ed byl vybr\u00e1n tento z\u00e1kladn\u00ed segment vzd\u011bl\u00e1vac\u00ed soustavy, nebo\u0165 umo\u017e\u0148uje z\u00edskat komplexn\u00ed informaci o v\u00fdskytu n\u00e1kazy a s t\u00edm souvisej\u00edc\u00ed potenci\u00e1l \u0161\u00ed\u0159en\u00ed n\u00e1kazy v popula\u010dn\u00ed v\u011bkov\u00e9 skupin\u011b v rozmez\u00ed v\u011bku 6 a\u017e 18 let, a to v obdob\u00ed bezprost\u0159edn\u011b po letn\u00edch pr\u00e1zdnin\u00e1ch. \u201e<strong><em>Znalost virov\u00e9 n\u00e1lo\u017ee v populaci po obdob\u00ed letn\u00edch pr\u00e1zdnin a dovolen\u00fdch je nutn\u00e1 pro nastaven\u00ed adekv\u00e1tn\u00edch a c\u00edlen\u00fdch opat\u0159en\u00ed pro dal\u0161\u00ed efektivn\u00ed \u0159\u00edzen\u00ed pandemie na na\u0161em \u00fazem\u00ed<\/em><\/strong>,\u201c doplnila hlavn\u00ed hygieni\u010dka \u010cR Pavla Svr\u010dinov\u00e1.<\/p>\n\n\n\n<p>Pro testy budou vyu\u017eity vysoce spolehliv\u00e9 antigenn\u00ed testy (senzitivita v\u016f\u010di PCR nad 80 %) na z\u00e1klad\u011b p\u0159edlo\u017een\u00e9ho n\u011bmeck\u00e9ho seznamu antigenn\u00edch test\u016f. \u017d\u00e1ci podstoup\u00ed celkem t\u0159i testy v&nbsp;rozmez\u00ed n\u011bkolika dn\u016f.<\/p>\n\n\n\n<p>Prvn\u00ed testovac\u00ed den prob\u011bhne 1. z\u00e1\u0159\u00ed a bude se t\u00fdkat v\u0161ech \u017e\u00e1k\u016f s&nbsp;v\u00fdjimkou prvn\u00edch t\u0159\u00edd, pro kter\u00e9 bude vyhrazeno testov\u00e1n\u00ed dal\u0161\u00ed den, aby nebyl naru\u0161en jejich prvn\u00ed \u0161koln\u00ed den. Dal\u0161\u00ed testov\u00e1n\u00ed v\u0161ech \u017e\u00e1k\u016f se uskute\u010dn\u00ed n\u00e1sleduj\u00edc\u00ed pond\u011bl\u00ed 6. z\u00e1\u0159\u00ed a \u010dtvrtek 9. z\u00e1\u0159\u00ed.<\/p>\n\n\n\n<p>Po prob\u011bhnut\u00ed t\u011bchto t\u0159\u00ed testovac\u00edch dn\u016f ministerstvo vyhodnot\u00ed v\u00fdsledky. V&nbsp;p\u0159\u00edpad\u011b, \u017ee screening uk\u00e1\u017ee m\u00e9n\u011b ne\u017e 25 pozitivn\u00edch p\u0159\u00edpad\u016f na 100&nbsp;000 obyvatel za 7 dn\u016f, testovac\u00ed akce se ukon\u010d\u00ed. V&nbsp;opa\u010dn\u00e9m p\u0159\u00edpad\u011b bude testov\u00e1n\u00ed roz\u0161\u00ed\u0159eno do konce z\u00e1\u0159\u00ed a prob\u011bhne dal\u0161\u00ed kolo testov\u00e1n\u00ed (op\u011bt t\u0159i testovac\u00ed dny). Testov\u00e1n\u00ed by se konalo jedenkr\u00e1t t\u00fddn\u011b.<\/p>\n\n\n\n<p>Antigenn\u00ed testy budou hrazeny ze st\u00e1tn\u00edho rozpo\u010dtu, jejich n\u00e1kup zajist\u00ed Spr\u00e1va st\u00e1tn\u00edch hmotn\u00fdch rezerv (SSHR). Pro prvn\u00ed t\u0159i testovac\u00ed dny bude pot\u0159eba 4,2 mil. ks test\u016f. Pro p\u0159\u00edpadn\u00e9 dodate\u010dn\u00e9 testov\u00e1n\u00ed budou pou\u017eity testy na skladech SSHR (2,6 mil. ks), kter\u00e9 se v&nbsp;minul\u00e9m \u0161koln\u00edm roce nespot\u0159ebovaly, a zb\u00fdvaj\u00edc\u00ed testy (1,6 mil. ks) dod\u00e1 vybran\u00fd dodavatel (stejn\u00fd jako u prvn\u00edch t\u0159ech test\u016f).<\/p>\n\n\n\n<p>Testov\u00e1n\u00ed se nebude t\u00fdkat \u017e\u00e1k\u016f, kte\u0159\u00ed prod\u011blali onemocn\u011bn\u00ed, jsou o\u010dkovan\u00ed nebo maj\u00ed v\u00fdjimku danou mimo\u0159\u00e1dn\u00fdm opat\u0159en\u00edm (nap\u0159. porucha autistick\u00e9ho spektra, aj.).<\/p>\n\n\n\n<p><a href=\"https:\/\/www.mzcr.cz\/tiskove-centrum-mz\/vlada-schvalila-plan-zarijoveho-testovani-na-covid-19-ve-skolach\/\">https:\/\/www.mzcr.cz\/tiskove-centrum-mz\/vlada-schvalila-plan-zarijoveho-testovani-na-covid-19-ve-skolach\/<\/a><\/p>\n","protected":false},"excerpt":{"rendered":"<p>Misterstvo zdravotnictv\u00ed p\u0159ipravilo ve spolupr\u00e1ci s\u00a0resortem \u0161kolstv\u00ed pl\u00e1n plo\u0161n\u00e9ho testov\u00e1n\u00ed na covid-19 ve \u0161kol\u00e1ch pro podzimn\u00ed n\u00e1vrat \u017e\u00e1k\u016f do lavic. \u017d\u00e1ky \u010dekaj\u00ed t\u0159i antigenn\u00ed testy v\u00a0rozmez\u00ed n\u011bkolika dn\u016f.\u00a0Pl\u00e1n dnes na sv\u00e9m jedn\u00e1n\u00ed schv\u00e1lila vl\u00e1da.<\/p>\n","protected":false},"author":2,"featured_media":9570,"comment_status":"closed","ping_status":"closed","sticky":false,"template":"","format":"standard","meta":{"footnotes":""},"categories":[116,72,3],"tags":[18,129,67],"class_list":["post-9569","post","type-post","status-publish","format-standard","has-post-thumbnail","hentry","category-skolnirok","category-mimoradna-opatreni","category-novinky","tag-mo","tag-testovani","tag-zs"],"_links":{"self":[{"href":"https:\/\/zszastavka.cz\/index.php?rest_route=\/wp\/v2\/posts\/9569","targetHints":{"allow":["GET"]}}],"collection":[{"href":"https:\/\/zszastavka.cz\/index.php?rest_route=\/wp\/v2\/posts"}],"about":[{"href":"https:\/\/zszastavka.cz\/index.php?rest_route=\/wp\/v2\/types\/post"}],"author":[{"embeddable":true,"href":"https:\/\/zszastavka.cz\/index.php?rest_route=\/wp\/v2\/users\/2"}],"replies":[{"embeddable":true,"href":"https:\/\/zszastavka.cz\/index.php?rest_route=%2Fwp%2Fv2%2Fcomments&post=9569"}],"version-history":[{"count":2,"href":"https:\/\/zszastavka.cz\/index.php?rest_route=\/wp\/v2\/posts\/9569\/revisions"}],"predecessor-version":[{"id":9573,"href":"https:\/\/zszastavka.cz\/index.php?rest_route=\/wp\/v2\/posts\/9569\/revisions\/9573"}],"wp:featuredmedia":[{"embeddable":true,"href":"https:\/\/zszastavka.cz\/index.php?rest_route=\/wp\/v2\/media\/9570"}],"wp:attachment":[{"href":"https:\/\/zszastavka.cz\/index.php?rest_route=%2Fwp%2Fv2%2Fmedia&parent=9569"}],"wp:term":[{"taxonomy":"category","embeddable":true,"href":"https:\/\/zszastavka.cz\/index.php?rest_route=%2Fwp%2Fv2%2Fcategories&post=9569"},{"taxonomy":"post_tag","embeddable":true,"href":"https:\/\/zszastavka.cz\/index.php?rest_route=%2Fwp%2Fv2%2Ftags&post=9569"}],"curies":[{"name":"wp","href":"https:\/\/api.w.org\/{rel}","templated":true}]}}