{"id":8403,"date":"2021-06-08T06:33:20","date_gmt":"2021-06-08T04:33:20","guid":{"rendered":"https:\/\/zszastavka.cz\/?p=8403"},"modified":"2021-06-08T06:33:21","modified_gmt":"2021-06-08T04:33:21","slug":"informace-k-provozu-skoly-od-8-cervna","status":"publish","type":"post","link":"https:\/\/zszastavka.cz\/?p=8403","title":{"rendered":"Informace k provozu \u0161koly od 8.\u00a0\u010dervna"},"content":{"rendered":"\n<p>Bylo vyd\u00e1no mimo\u0159\u00e1dn\u00e9 opat\u0159en\u00ed Ministerstva zdravotnictv\u00ed k pou\u017e\u00edv\u00e1n\u00ed ochrann\u00fdch prost\u0159edk\u016f d\u00fdchac\u00edch cest s \u00fa\u010dinnost\u00ed od 8. 6. 2021, kde se oproti sou\u010dasnosti m\u011bn\u00ed n\u00e1sleduj\u00edc\u00ed: <strong>\u017e\u00e1ci a studenti nemus\u00ed b\u011bhem v\u00fduky<\/strong> m\u00edt nasazen ochrann\u00fd prost\u0159edek d\u00fdchac\u00edch cest (respir\u00e1tor ani rou\u0161ku), a to p\u0159i vzd\u011bl\u00e1v\u00e1n\u00ed po dobu,<strong> kdy sed\u00ed v lavici nebo jsou jinak usazeni<\/strong>.<\/p>\n\n\n\n<p>P\u0159i ostatn\u00edch aktivit\u00e1ch ve \u0161kole (nap\u0159. re\u017eim o p\u0159est\u00e1vk\u00e1ch, p\u0159i p\u0159\u00edchodu a odchodu ze t\u0159\u00eddy) z\u016fst\u00e1v\u00e1 stejn\u00fd re\u017eim jako doposud.<\/p>\n\n\n\n<p>Pedagogi\u010dt\u00ed pracovn\u00edci nemus\u00ed b\u011bhem v\u00fduky m\u00edt nasazen ochrann\u00fd prost\u0159edek d\u00fdchac\u00edch cest (respir\u00e1tor ani rou\u0161ku), a to p\u0159i poskytov\u00e1n\u00ed vzd\u011bl\u00e1v\u00e1n\u00ed obecn\u011b. P\u0159i ostatn\u00edch aktivit\u00e1ch ve \u0161kole (nap\u0159. re\u017eim o p\u0159est\u00e1vk\u00e1ch, p\u0159i p\u0159\u00edchodu a odchodu ze t\u0159\u00eddy) z\u016fst\u00e1v\u00e1 stejn\u00fd re\u017eim jako doposud.<\/p>\n","protected":false},"excerpt":{"rendered":"<p>Bylo vyd\u00e1no mimo\u0159\u00e1dn\u00e9 opat\u0159en\u00ed Ministerstva zdravotnictv\u00ed k pou\u017e\u00edv\u00e1n\u00ed ochrann\u00fdch prost\u0159edk\u016f d\u00fdchac\u00edch cest s \u00fa\u010dinnost\u00ed od 8. 6. 2021, kde se oproti sou\u010dasnosti m\u011bn\u00ed n\u00e1sleduj\u00edc\u00ed: \u017e\u00e1ci a studenti nemus\u00ed b\u011bhem v\u00fduky m\u00edt nasazen ochrann\u00fd prost\u0159edek d\u00fdchac\u00edch cest (respir\u00e1tor ani rou\u0161ku), a to p\u0159i vzd\u011bl\u00e1v\u00e1n\u00ed po dobu, kdy sed\u00ed v lavici nebo jsou jinak usazeni. P\u0159i ostatn\u00edch&hellip;<\/p>\n","protected":false},"author":2,"featured_media":7051,"comment_status":"closed","ping_status":"closed","sticky":false,"template":"","format":"standard","meta":{"footnotes":""},"categories":[90,72,3],"tags":[18,77,67],"class_list":["post-8403","post","type-post","status-publish","format-standard","has-post-thumbnail","hentry","category-aktualne","category-mimoradna-opatreni","category-novinky","tag-mo","tag-sd","tag-zs"],"_links":{"self":[{"href":"https:\/\/zszastavka.cz\/index.php?rest_route=\/wp\/v2\/posts\/8403","targetHints":{"allow":["GET"]}}],"collection":[{"href":"https:\/\/zszastavka.cz\/index.php?rest_route=\/wp\/v2\/posts"}],"about":[{"href":"https:\/\/zszastavka.cz\/index.php?rest_route=\/wp\/v2\/types\/post"}],"author":[{"embeddable":true,"href":"https:\/\/zszastavka.cz\/index.php?rest_route=\/wp\/v2\/users\/2"}],"replies":[{"embeddable":true,"href":"https:\/\/zszastavka.cz\/index.php?rest_route=%2Fwp%2Fv2%2Fcomments&post=8403"}],"version-history":[{"count":1,"href":"https:\/\/zszastavka.cz\/index.php?rest_route=\/wp\/v2\/posts\/8403\/revisions"}],"predecessor-version":[{"id":8405,"href":"https:\/\/zszastavka.cz\/index.php?rest_route=\/wp\/v2\/posts\/8403\/revisions\/8405"}],"wp:featuredmedia":[{"embeddable":true,"href":"https:\/\/zszastavka.cz\/index.php?rest_route=\/wp\/v2\/media\/7051"}],"wp:attachment":[{"href":"https:\/\/zszastavka.cz\/index.php?rest_route=%2Fwp%2Fv2%2Fmedia&parent=8403"}],"wp:term":[{"taxonomy":"category","embeddable":true,"href":"https:\/\/zszastavka.cz\/index.php?rest_route=%2Fwp%2Fv2%2Fcategories&post=8403"},{"taxonomy":"post_tag","embeddable":true,"href":"https:\/\/zszastavka.cz\/index.php?rest_route=%2Fwp%2Fv2%2Ftags&post=8403"}],"curies":[{"name":"wp","href":"https:\/\/api.w.org\/{rel}","templated":true}]}}