{"id":7029,"date":"2021-02-01T10:03:05","date_gmt":"2021-02-01T09:03:05","guid":{"rendered":"https:\/\/zszastavka.cz\/?p=7029"},"modified":"2021-02-01T10:03:05","modified_gmt":"2021-02-01T09:03:05","slug":"omezeny-provoz-ms-u-skoly","status":"publish","type":"post","link":"https:\/\/zszastavka.cz\/?p=7029","title":{"rendered":"Omezen\u00fd provoz M\u0160 U \u0160koly"},"content":{"rendered":"\n<p>V\u00fd\u0161e \u0161kolkovn\u00e9ho se upravuje, pouze pokud je provoz M\u0160 p\u0159eru\u0161en na v\u00edce jak p\u011bt dn\u00ed. Provoz M\u0160 byl v m\u011bs\u00edci lednu p\u0159eru\u0161en na krat\u0161\u00ed dobu, proto se \u0161kolkovn\u00e9 za leden bude hradit v pln\u00e9 v\u00fd\u0161i. V m\u011bs\u00edci \u00fanoru se p\u0159edpokl\u00e1d\u00e1 p\u0159eru\u0161en\u00ed del\u0161\u00ed a v\u00fd\u0161e \u0161kolkovn\u00e9ho se bude upravovat (sni\u017eovat) v z\u00e1vislosti na d\u00e9lce p\u0159eru\u0161en\u00ed. <\/p>\n\n\n\n<!--more-->\n\n\n\n<p>V\u00fd\u0161e \u0161kolkovn\u00e9ho za \u00fanor tedy bude stanovena, a\u017e bude zn\u00e1ma celkov\u00e1 d\u00e9lka p\u0159eru\u0161en\u00ed provozu. Va\u0161e p\u0159eplatky budou vr\u00e1ceny p\u0159i vy\u00fa\u010dtov\u00e1n\u00ed v pr\u016fb\u011bhu m\u011bs\u00edce \u010dervence.<\/p>\n\n\n\n<p class=\"has-white-color has-vivid-cyan-blue-background-color has-text-color has-background\">V dob\u011b p\u0159eru\u0161en\u00ed provozu M\u0160 maj\u00ed v\u0161echny d\u011bti automaticky odhl\u00e1\u0161eno tak\u00e9 stravn\u00e9. Pro vr\u00e1cen\u00ed p\u0159\u00edpadn\u00fdch p\u0159eplatk\u016f bude zvolen stejn\u00fd postup.<\/p>\n","protected":false},"excerpt":{"rendered":"<p>V\u00fd\u0161e \u0161kolkovn\u00e9ho se upravuje, pouze pokud je provoz M\u0160 p\u0159eru\u0161en na v\u00edce jak p\u011bt dn\u00ed. Provoz M\u0160 byl v m\u011bs\u00edci lednu p\u0159eru\u0161en na krat\u0161\u00ed dobu, proto se \u0161kolkovn\u00e9 za leden bude hradit v pln\u00e9 v\u00fd\u0161i. V m\u011bs\u00edci \u00fanoru se p\u0159edpokl\u00e1d\u00e1 p\u0159eru\u0161en\u00ed del\u0161\u00ed a v\u00fd\u0161e \u0161kolkovn\u00e9ho se bude upravovat (sni\u017eovat) v z\u00e1vislosti na d\u00e9lce p\u0159eru\u0161en\u00ed.<\/p>\n","protected":false},"author":1,"featured_media":668,"comment_status":"closed","ping_status":"closed","sticky":false,"template":"","format":"standard","meta":{"footnotes":""},"categories":[90,72,3],"tags":[78,18,64],"class_list":["post-7029","post","type-post","status-publish","format-standard","has-post-thumbnail","hentry","category-aktualne","category-mimoradna-opatreni","category-novinky","tag-jidelna","tag-mo","tag-ms"],"_links":{"self":[{"href":"https:\/\/zszastavka.cz\/index.php?rest_route=\/wp\/v2\/posts\/7029","targetHints":{"allow":["GET"]}}],"collection":[{"href":"https:\/\/zszastavka.cz\/index.php?rest_route=\/wp\/v2\/posts"}],"about":[{"href":"https:\/\/zszastavka.cz\/index.php?rest_route=\/wp\/v2\/types\/post"}],"author":[{"embeddable":true,"href":"https:\/\/zszastavka.cz\/index.php?rest_route=\/wp\/v2\/users\/1"}],"replies":[{"embeddable":true,"href":"https:\/\/zszastavka.cz\/index.php?rest_route=%2Fwp%2Fv2%2Fcomments&post=7029"}],"version-history":[{"count":0,"href":"https:\/\/zszastavka.cz\/index.php?rest_route=\/wp\/v2\/posts\/7029\/revisions"}],"wp:featuredmedia":[{"embeddable":true,"href":"https:\/\/zszastavka.cz\/index.php?rest_route=\/wp\/v2\/media\/668"}],"wp:attachment":[{"href":"https:\/\/zszastavka.cz\/index.php?rest_route=%2Fwp%2Fv2%2Fmedia&parent=7029"}],"wp:term":[{"taxonomy":"category","embeddable":true,"href":"https:\/\/zszastavka.cz\/index.php?rest_route=%2Fwp%2Fv2%2Fcategories&post=7029"},{"taxonomy":"post_tag","embeddable":true,"href":"https:\/\/zszastavka.cz\/index.php?rest_route=%2Fwp%2Fv2%2Ftags&post=7029"}],"curies":[{"name":"wp","href":"https:\/\/api.w.org\/{rel}","templated":true}]}}