{"id":6948,"date":"2020-12-28T09:59:50","date_gmt":"2020-12-28T08:59:50","guid":{"rendered":"https:\/\/zszastavka.cz\/?p=6948"},"modified":"2025-11-10T17:48:19","modified_gmt":"2025-11-10T16:48:19","slug":"info-k-provozu-skoly-do-10-ledna-2021","status":"publish","type":"post","link":"https:\/\/zszastavka.cz\/?p=6948","title":{"rendered":"Info k provozu \u0161koly do 10. ledna 2021"},"content":{"rendered":"\n<p>Je povolena osobn\u00ed p\u0159\u00edtomnost pouze \u017e\u00e1k\u016f 1. a 2. ro\u010dn\u00edk\u016f z\u00e1kladn\u00edch \u0161kol. <strong>Pro ostatn\u00ed \u017e\u00e1ky je povinn\u00e9 vzd\u011bl\u00e1v\u00e1n\u00ed distan\u010dn\u00edm zp\u016fsobem.<\/strong><\/p>\n\n\n\n<!--more-->\n\n\n\n<ul class=\"wp-block-list\"><li>Jsou umo\u017en\u011bny prezen\u010dn\u00ed individu\u00e1ln\u00ed konzultace ve \u0161kole (v\u017edy pouze jeden \u017e\u00e1k a jeden pedagogick\u00fd pracovn\u00edk), u kter\u00fdch m\u016f\u017ee b\u00fdt p\u0159\u00edtomen z\u00e1konn\u00fd z\u00e1stupce \u017e\u00e1ka. O organizaci konzultac\u00ed rozhoduje \u0159editel \u0161koly s ohledem na vzd\u011bl\u00e1vac\u00ed pot\u0159eby \u017e\u00e1ka.<\/li><li>Prezen\u010dn\u00ed v\u00fduka prob\u00edh\u00e1 v homogenn\u00edch skupin\u00e1ch (kolektivy jednotliv\u00fdch t\u0159\u00edd se neslu\u010duj\u00ed, ani jinak neprol\u00ednaj\u00ed).<\/li><li>Za ochrann\u00e9 prost\u0159edky d\u00fdchac\u00edch cest (nos, \u00fasta) se v cel\u00e9m materi\u00e1lu pova\u017euje nejenom rou\u0161ka, ale i \u00fastenka, \u0161\u00e1tek, \u0161\u00e1l nebo jin\u00e9 prost\u0159edky, kter\u00e9 br\u00e1n\u00ed \u0161\u00ed\u0159en\u00ed kap\u00e9nek (d\u00e1le jen \u201erou\u0161ka\u201c) a odchod a pohyb \u017e\u00e1k\u016f ve \u0161kole tak, aby nedoch\u00e1zelo ke kontaktu mezi \u017e\u00e1ky z r\u016fzn\u00fdch t\u0159\u00edd.<\/li><li><strong>\u017d\u00e1ci a zam\u011bstnanci \u0161koly (i dal\u0161\u00ed osoby pohybuj\u00edc\u00ed se ve \u0161kole) maj\u00ed povinnost nosit rou\u0161ky po celou dobu pobytu ve \u0161kole.<\/strong><\/li><li>Je zak\u00e1z\u00e1n zp\u011bv a sportovn\u00ed \u010dinnosti p\u0159i vzd\u011bl\u00e1v\u00e1n\u00ed.<\/li><li>Za podm\u00ednky zachov\u00e1n\u00ed homogenity skupiny je mo\u017en\u00e9 realizovat vzd\u011bl\u00e1vac\u00ed \u010dinnosti ve venkovn\u00edch prostor\u00e1ch i mimo are\u00e1l \u0161koly nebo \u0161kolsk\u00e9ho za\u0159\u00edzen\u00ed.<\/li><li>Doporu\u010duje se b\u011bhem dne za\u0159adit pobyt \u017e\u00e1k\u016f na \u010derstv\u00e9m vzduchu podle mo\u017enost\u00ed \u0161koly.<\/li><li>Za dodr\u017een\u00ed podm\u00ednky homogenity skupiny \u017e\u00e1k\u016f jedn\u00e9 t\u0159\u00eddy je umo\u017en\u011bn provoz \u0161koln\u00ed dru\u017einy a \u0161koln\u00edho klubu pro prezen\u010dn\u011b vzd\u011bl\u00e1van\u00e9 \u017e\u00e1ky.<\/li><li>Vstup t\u0159et\u00edch osob (mimo \u017e\u00e1ky a zam\u011bstnance) do prostor \u0161koly je mo\u017en\u00fd jen v nezbytn\u011b nutn\u00fdch p\u0159\u00edpadech s t\u00edm, \u017ee se omez\u00ed kontakt t\u0159et\u00edch osob s osobami v prostor\u00e1ch \u0161koly.<\/li><\/ul>\n\n\n\n<p>Za\u0159\u00edzen\u00ed \u0161koln\u00edho stravov\u00e1n\u00ed jsou v provozu. Provoz se \u0159\u00edd\u00ed pravidly pro provoz stravovac\u00edch slu\u017eeb, kter\u00e9 neslou\u017e\u00ed pro ve\u0159ejnost.<\/p>\n\n\n\n<p class=\"has-white-color has-vivid-red-background-color has-text-color has-background\">Za dodr\u017een\u00ed podm\u00ednky homogenity skupiny \u017e\u00e1k\u016f jedn\u00e9 t\u0159\u00eddy je umo\u017en\u011bn provoz \u0161koln\u00ed dru\u017einy.<br>Rann\u00ed dru\u017eina <strong>nebude<\/strong> v provozu.<\/p>\n","protected":false},"excerpt":{"rendered":"<p>Je povolena osobn\u00ed p\u0159\u00edtomnost pouze \u017e\u00e1k\u016f 1. a 2. ro\u010dn\u00edk\u016f z\u00e1kladn\u00edch \u0161kol. Pro ostatn\u00ed \u017e\u00e1ky je povinn\u00e9 vzd\u011bl\u00e1v\u00e1n\u00ed distan\u010dn\u00edm zp\u016fsobem.<\/p>\n","protected":false},"author":2,"featured_media":177,"comment_status":"closed","ping_status":"closed","sticky":false,"template":"","format":"standard","meta":{"footnotes":""},"categories":[90,72,3],"tags":[18,70,65,67],"class_list":["post-6948","post","type-post","status-publish","format-standard","has-post-thumbnail","hentry","category-aktualne","category-mimoradna-opatreni","category-novinky","tag-mo","tag-uredni-deska","tag-vzdelavani","tag-zs"],"_links":{"self":[{"href":"https:\/\/zszastavka.cz\/index.php?rest_route=\/wp\/v2\/posts\/6948","targetHints":{"allow":["GET"]}}],"collection":[{"href":"https:\/\/zszastavka.cz\/index.php?rest_route=\/wp\/v2\/posts"}],"about":[{"href":"https:\/\/zszastavka.cz\/index.php?rest_route=\/wp\/v2\/types\/post"}],"author":[{"embeddable":true,"href":"https:\/\/zszastavka.cz\/index.php?rest_route=\/wp\/v2\/users\/2"}],"replies":[{"embeddable":true,"href":"https:\/\/zszastavka.cz\/index.php?rest_route=%2Fwp%2Fv2%2Fcomments&post=6948"}],"version-history":[{"count":1,"href":"https:\/\/zszastavka.cz\/index.php?rest_route=\/wp\/v2\/posts\/6948\/revisions"}],"predecessor-version":[{"id":24749,"href":"https:\/\/zszastavka.cz\/index.php?rest_route=\/wp\/v2\/posts\/6948\/revisions\/24749"}],"wp:featuredmedia":[{"embeddable":true,"href":"https:\/\/zszastavka.cz\/index.php?rest_route=\/wp\/v2\/media\/177"}],"wp:attachment":[{"href":"https:\/\/zszastavka.cz\/index.php?rest_route=%2Fwp%2Fv2%2Fmedia&parent=6948"}],"wp:term":[{"taxonomy":"category","embeddable":true,"href":"https:\/\/zszastavka.cz\/index.php?rest_route=%2Fwp%2Fv2%2Fcategories&post=6948"},{"taxonomy":"post_tag","embeddable":true,"href":"https:\/\/zszastavka.cz\/index.php?rest_route=%2Fwp%2Fv2%2Ftags&post=6948"}],"curies":[{"name":"wp","href":"https:\/\/api.w.org\/{rel}","templated":true}]}}