{"id":5934,"date":"2020-12-15T08:27:17","date_gmt":"2020-12-15T07:27:17","guid":{"rendered":"https:\/\/zszastavka.cz\/?p=5934"},"modified":"2026-02-04T13:38:20","modified_gmt":"2026-02-04T12:38:20","slug":"skola-21-a-22-prosince-2020","status":"publish","type":"post","link":"https:\/\/zszastavka.cz\/?p=5934","title":{"rendered":"\u0160kola 21. a 22. prosince 2020"},"content":{"rendered":"\n<p><strong>Dny 21. a 22. prosinec 2020 budou pro Z\u0160, S\u0160, konzervato\u0159e, VO\u0160 a ZU\u0160 vyhl\u00e1\u0161eny jako dny boje proti covidu. <\/strong>O tyto dva dny se tedy prodlou\u017e\u00ed volno, kter\u00e9 souvis\u00ed s v\u00e1no\u010dn\u00edmi sv\u00e1tky. Rodi\u010de budou po tyto dva dny moci \u010derpat o\u0161et\u0159ovn\u00e9.<\/p>\n\n\n\n<!--more-->\n\n\n\n<p>Provoz bude <strong>p\u0159eru\u0161en tak\u00e9 ve \u0161koln\u00ed dru\u017ein\u011b<\/strong>.<\/p>\n\n\n\n<p>Naopak provoz mate\u0159sk\u00fdch \u0161kol nen\u00ed v pond\u011bl\u00ed 21. a v \u00fater\u00fd 22. prosince 2020 omezen (viz p\u0159\u00edsp\u011bvek).<\/p>\n","protected":false},"excerpt":{"rendered":"<p>Dny 21. a 22. prosinec 2020 budou pro Z\u0160, S\u0160, konzervato\u0159e, VO\u0160 a ZU\u0160 vyhl\u00e1\u0161eny jako dny boje proti covidu. O tyto dva dny se tedy prodlou\u017e\u00ed volno, kter\u00e9 souvis\u00ed s v\u00e1no\u010dn\u00edmi sv\u00e1tky. Rodi\u010de budou po tyto dva dny moci \u010derpat o\u0161et\u0159ovn\u00e9.<\/p>\n","protected":false},"author":2,"featured_media":5936,"comment_status":"closed","ping_status":"closed","sticky":false,"template":"","format":"standard","meta":{"footnotes":""},"categories":[90,72,3],"tags":[18,77,70,65,67],"class_list":["post-5934","post","type-post","status-publish","format-standard","has-post-thumbnail","hentry","category-aktualne","category-mimoradna-opatreni","category-novinky","tag-mo","tag-sd","tag-uredni-deska","tag-vzdelavani","tag-zs"],"_links":{"self":[{"href":"https:\/\/zszastavka.cz\/index.php?rest_route=\/wp\/v2\/posts\/5934","targetHints":{"allow":["GET"]}}],"collection":[{"href":"https:\/\/zszastavka.cz\/index.php?rest_route=\/wp\/v2\/posts"}],"about":[{"href":"https:\/\/zszastavka.cz\/index.php?rest_route=\/wp\/v2\/types\/post"}],"author":[{"embeddable":true,"href":"https:\/\/zszastavka.cz\/index.php?rest_route=\/wp\/v2\/users\/2"}],"replies":[{"embeddable":true,"href":"https:\/\/zszastavka.cz\/index.php?rest_route=%2Fwp%2Fv2%2Fcomments&post=5934"}],"version-history":[{"count":1,"href":"https:\/\/zszastavka.cz\/index.php?rest_route=\/wp\/v2\/posts\/5934\/revisions"}],"predecessor-version":[{"id":26662,"href":"https:\/\/zszastavka.cz\/index.php?rest_route=\/wp\/v2\/posts\/5934\/revisions\/26662"}],"wp:featuredmedia":[{"embeddable":true,"href":"https:\/\/zszastavka.cz\/index.php?rest_route=\/wp\/v2\/media\/5936"}],"wp:attachment":[{"href":"https:\/\/zszastavka.cz\/index.php?rest_route=%2Fwp%2Fv2%2Fmedia&parent=5934"}],"wp:term":[{"taxonomy":"category","embeddable":true,"href":"https:\/\/zszastavka.cz\/index.php?rest_route=%2Fwp%2Fv2%2Fcategories&post=5934"},{"taxonomy":"post_tag","embeddable":true,"href":"https:\/\/zszastavka.cz\/index.php?rest_route=%2Fwp%2Fv2%2Ftags&post=5934"}],"curies":[{"name":"wp","href":"https:\/\/api.w.org\/{rel}","templated":true}]}}