{"id":5872,"date":"2020-11-12T12:40:17","date_gmt":"2020-11-12T11:40:17","guid":{"rendered":"https:\/\/zszastavka.cz\/?p=5872"},"modified":"2020-12-04T09:38:49","modified_gmt":"2020-12-04T08:38:49","slug":"provoz-skoly-od-18-listopadu-2020","status":"publish","type":"post","link":"https:\/\/zszastavka.cz\/?p=5872","title":{"rendered":"Provoz \u0161koly od 18. listopadu 2020"},"content":{"rendered":"\n<p>Od 18.&nbsp;listopadu 2020 je umo\u017en\u011bna osobn\u00ed p\u0159\u00edtomnost \u017e\u00e1k\u016f 1. a 2.&nbsp;ro\u010dn\u00edk\u016f z\u00e1kladn\u00ed \u0161koly. Prezen\u010dn\u00ed v\u00fduka prob\u00edh\u00e1 v homogenn\u00edch skupin\u00e1ch (kolektivy jednotliv\u00fdch t\u0159\u00edd se neslu\u010duj\u00ed, ani jinak neprol\u00ednaj\u00ed).<\/p>\n\n\n\n<!--more-->\n\n\n\n<ul class=\"wp-block-list\"><li>\u017d\u00e1ci a zam\u011bstnanci \u0161koly (i dal\u0161\u00ed osoby pohybuj\u00edc\u00ed se ve \u0161kole) maj\u00ed povinnost nosit rou\u0161ky po celou dobu pobytu ve \u0161kole.<\/li><li>Je zak\u00e1z\u00e1n zp\u011bv a sportovn\u00ed \u010dinnosti p\u0159i vzd\u011bl\u00e1v\u00e1n\u00ed.<\/li><li>Za podm\u00ednky zachov\u00e1n\u00ed homogenity skupiny je mo\u017en\u00e9 realizovat vzd\u011bl\u00e1vac\u00ed \u010dinnosti ve venkovn\u00edch prostor\u00e1ch i mimo are\u00e1l \u0161koly.<\/li><li>Doporu\u010duje se b\u011bhem dne za\u0159adit pobyt \u017e\u00e1k\u016f na \u010derstv\u00e9m vzduchu podle mo\u017enost\u00ed \u0161koly.<\/li><li>Za dodr\u017een\u00ed podm\u00ednky homogenity skupiny \u017e\u00e1k\u016f jedn\u00e9 t\u0159\u00eddy je umo\u017en\u011bn provoz \u0161koln\u00ed dru\u017einy.<\/li><\/ul>\n\n\n\n<p class=\"has-white-color has-vivid-red-background-color has-text-color has-background\">\u0160koln\u00ed dru\u017eina bude otev\u0159ena pro na\u0161e \u017e\u00e1ky v odpoledn\u00edch hodin\u00e1ch. Rann\u00ed dru\u017eina z d\u016fvodu heterogenn\u00ed skupiny d\u011bt\u00ed <strong>nebude otev\u0159ena.<\/strong> \u0160koln\u00ed j\u00eddelna gymn\u00e1zia bude pro \u017e\u00e1ky v provozu (<a href=\"https:\/\/zszastavka.cz\/?p=5887\" data-type=\"post\" data-id=\"5887\" target=\"_blank\" rel=\"noreferrer noopener\">v\u00edce zde<\/a>)<\/p>\n","protected":false},"excerpt":{"rendered":"<p>Od 18.&nbsp;listopadu 2020 je umo\u017en\u011bna osobn\u00ed p\u0159\u00edtomnost \u017e\u00e1k\u016f 1. a 2.&nbsp;ro\u010dn\u00edk\u016f z\u00e1kladn\u00ed \u0161koly. Prezen\u010dn\u00ed v\u00fduka prob\u00edh\u00e1 v homogenn\u00edch skupin\u00e1ch (kolektivy jednotliv\u00fdch t\u0159\u00edd se neslu\u010duj\u00ed, ani jinak neprol\u00ednaj\u00ed).<\/p>\n","protected":false},"author":2,"featured_media":173,"comment_status":"closed","ping_status":"closed","sticky":false,"template":"","format":"standard","meta":{"footnotes":""},"categories":[90,72,3],"tags":[78,18,65,67],"class_list":["post-5872","post","type-post","status-publish","format-standard","has-post-thumbnail","hentry","category-aktualne","category-mimoradna-opatreni","category-novinky","tag-jidelna","tag-mo","tag-vzdelavani","tag-zs"],"_links":{"self":[{"href":"https:\/\/zszastavka.cz\/index.php?rest_route=\/wp\/v2\/posts\/5872","targetHints":{"allow":["GET"]}}],"collection":[{"href":"https:\/\/zszastavka.cz\/index.php?rest_route=\/wp\/v2\/posts"}],"about":[{"href":"https:\/\/zszastavka.cz\/index.php?rest_route=\/wp\/v2\/types\/post"}],"author":[{"embeddable":true,"href":"https:\/\/zszastavka.cz\/index.php?rest_route=\/wp\/v2\/users\/2"}],"replies":[{"embeddable":true,"href":"https:\/\/zszastavka.cz\/index.php?rest_route=%2Fwp%2Fv2%2Fcomments&post=5872"}],"version-history":[{"count":0,"href":"https:\/\/zszastavka.cz\/index.php?rest_route=\/wp\/v2\/posts\/5872\/revisions"}],"wp:featuredmedia":[{"embeddable":true,"href":"https:\/\/zszastavka.cz\/index.php?rest_route=\/wp\/v2\/media\/173"}],"wp:attachment":[{"href":"https:\/\/zszastavka.cz\/index.php?rest_route=%2Fwp%2Fv2%2Fmedia&parent=5872"}],"wp:term":[{"taxonomy":"category","embeddable":true,"href":"https:\/\/zszastavka.cz\/index.php?rest_route=%2Fwp%2Fv2%2Fcategories&post=5872"},{"taxonomy":"post_tag","embeddable":true,"href":"https:\/\/zszastavka.cz\/index.php?rest_route=%2Fwp%2Fv2%2Ftags&post=5872"}],"curies":[{"name":"wp","href":"https:\/\/api.w.org\/{rel}","templated":true}]}}