{"id":5386,"date":"2020-10-13T11:29:31","date_gmt":"2020-10-13T09:29:31","guid":{"rendered":"https:\/\/zszastavka.cz\/?p=5386"},"modified":"2020-10-13T12:22:29","modified_gmt":"2020-10-13T10:22:29","slug":"omezeni-provozu-skoly","status":"publish","type":"post","link":"https:\/\/zszastavka.cz\/?p=5386","title":{"rendered":"Omezen\u00ed provozu \u0161koly"},"content":{"rendered":"\n<p>Vl\u00e1da omezuje s \u00fa\u010dinnost\u00ed ode dne 14. \u0159\u00edjna 2020 od 00:00 hodin provoz z\u00e1kladn\u00edch \u0161kol podle \u0161kolsk\u00e9ho z\u00e1kona, a to tak, \u017ee se <strong>zakazuje osobn\u00ed p\u0159\u00edtomnosti \u017e\u00e1k\u016f na z\u00e1kladn\u00edm vzd\u011bl\u00e1v\u00e1n\u00ed v z\u00e1kladn\u00ed \u0161kole.<\/strong><\/p>\n\n\n\n<!--more-->\n\n\n\n<p>V\u00e1\u017een\u00ed z\u00e1konn\u00ed z\u00e1stupci, sledujte ve zv\u00fd\u0161en\u00e9 m\u00ed\u0159e aktuality a zpr\u00e1vy v informa\u010dn\u00edm syst\u00e9mu Bakal\u00e1\u0159i \u2013 Komens (Zpr\u00e1vy\/N\u00e1st\u011bnka). <strong>Seznamte se tak\u00e9 s pravidly pro distan\u010dn\u00ed a sm\u00ed\u0161en\u00e9 vzd\u011bl\u00e1v\u00e1n\u00ed<\/strong>, kter\u00e1 jsou sou\u010d\u00e1st\u00ed \u0161koln\u00edho \u0159\u00e1du (v p\u0159\u00edloze n\u00ed\u017ee).<\/p>\n\n\n\n<p class=\"has-white-color has-vivid-cyan-blue-background-color has-text-color has-background\">Synchronn\u00ed on-line v\u00fduka bude postupn\u011b realizov\u00e1na b\u011bhem m\u011bs\u00edce listopadu. Zad\u00e1v\u00e1n\u00ed \u00fakol\u016f, cvi\u010den\u00ed, odkaz\u016f a dal\u0161\u00edch aktivit prob\u00edh\u00e1 i nad\u00e1le <strong>v IS Bakal\u00e1\u0159i.<\/strong><\/p>\n","protected":false},"excerpt":{"rendered":"<p>Vl\u00e1da omezuje s \u00fa\u010dinnost\u00ed ode dne 14. \u0159\u00edjna 2020 od 00:00 hodin provoz z\u00e1kladn\u00edch \u0161kol podle \u0161kolsk\u00e9ho z\u00e1kona, a to tak, \u017ee se zakazuje osobn\u00ed p\u0159\u00edtomnosti \u017e\u00e1k\u016f na z\u00e1kladn\u00edm vzd\u011bl\u00e1v\u00e1n\u00ed v z\u00e1kladn\u00ed \u0161kole.<\/p>\n","protected":false},"author":3,"featured_media":3079,"comment_status":"closed","ping_status":"closed","sticky":false,"template":"","format":"standard","meta":{"footnotes":""},"categories":[90,72,3],"tags":[18,67],"class_list":["post-5386","post","type-post","status-publish","format-standard","has-post-thumbnail","hentry","category-aktualne","category-mimoradna-opatreni","category-novinky","tag-mo","tag-zs"],"_links":{"self":[{"href":"https:\/\/zszastavka.cz\/index.php?rest_route=\/wp\/v2\/posts\/5386","targetHints":{"allow":["GET"]}}],"collection":[{"href":"https:\/\/zszastavka.cz\/index.php?rest_route=\/wp\/v2\/posts"}],"about":[{"href":"https:\/\/zszastavka.cz\/index.php?rest_route=\/wp\/v2\/types\/post"}],"author":[{"embeddable":true,"href":"https:\/\/zszastavka.cz\/index.php?rest_route=\/wp\/v2\/users\/3"}],"replies":[{"embeddable":true,"href":"https:\/\/zszastavka.cz\/index.php?rest_route=%2Fwp%2Fv2%2Fcomments&post=5386"}],"version-history":[{"count":0,"href":"https:\/\/zszastavka.cz\/index.php?rest_route=\/wp\/v2\/posts\/5386\/revisions"}],"wp:featuredmedia":[{"embeddable":true,"href":"https:\/\/zszastavka.cz\/index.php?rest_route=\/wp\/v2\/media\/3079"}],"wp:attachment":[{"href":"https:\/\/zszastavka.cz\/index.php?rest_route=%2Fwp%2Fv2%2Fmedia&parent=5386"}],"wp:term":[{"taxonomy":"category","embeddable":true,"href":"https:\/\/zszastavka.cz\/index.php?rest_route=%2Fwp%2Fv2%2Fcategories&post=5386"},{"taxonomy":"post_tag","embeddable":true,"href":"https:\/\/zszastavka.cz\/index.php?rest_route=%2Fwp%2Fv2%2Ftags&post=5386"}],"curies":[{"name":"wp","href":"https:\/\/api.w.org\/{rel}","templated":true}]}}