{"id":5340,"date":"2020-09-21T09:39:23","date_gmt":"2020-09-21T07:39:23","guid":{"rendered":"https:\/\/zszastavka.cz\/?p=5340"},"modified":"2020-09-21T13:29:32","modified_gmt":"2020-09-21T11:29:32","slug":"zahajeni-pristavby-budovy-zakladni-skoly","status":"publish","type":"post","link":"https:\/\/zszastavka.cz\/?p=5340","title":{"rendered":"Zah\u00e1jen\u00ed p\u0159\u00edstavby budovy z\u00e1kladn\u00ed \u0161koly"},"content":{"rendered":"\n<p>Ve st\u0159edu 30. 9. 2020 bude zah\u00e1jena p\u0159\u00edstavba budovy z\u00e1kladn\u00ed \u0161koly. Budova \u0161koly se postupn\u011b rozroste o dal\u0161\u00ed patro s p\u011bti nov\u00fdmi t\u0159\u00eddami.<\/p>\n\n\n\n<!--more-->\n\n\n\n<p>Prvn\u00ed etapa \u2013 hrub\u00e1 stavba \u2013 by m\u011bla b\u00fdt ukon\u010dena v \u00fanoru 2021. Akce bude realizov\u00e1na za provozu \u0161koly tak, aby co nejm\u00e9n\u011b zasahovala do v\u00fdchovn\u011b vzd\u011bl\u00e1vac\u00edho procesu. Na \u017e\u00e1ky i zam\u011bstnance budou kladeny zv\u00fd\u0161en\u00e9 n\u00e1roky na dodr\u017eov\u00e1n\u00ed bezpe\u010dnosti. <\/p>\n\n\n\n<p class=\"has-white-color has-vivid-red-background-color has-text-color has-background\">Bezpe\u010dnostn\u00ed opat\u0159en\u00ed budou zahrnovat zejm\u00e9na z\u00e1kaz pohybu osob ve vymezen\u00e9m staveni\u0161ti, v bezprost\u0159edn\u00ed bl\u00edzkosti budovy \u0161koly a ve \u0161koln\u00edm dvo\u0159e. Vstup do are\u00e1lu \u0161koly bude mo\u017en\u00fd pouze p\u0159es branku gymn\u00e1zia.<\/p>\n\n\n\n<p>D\u00e1le je t\u0159eba po\u010d\u00edtat se zv\u00fd\u0161en\u00fdm pohybem stavebn\u00ed techniky na komunikac\u00edch v bl\u00edzkosti \u0161koly, co\u017e m\u016f\u017ee komplikovat dopravu d\u011bt\u00ed do \u0161koly osobn\u00edmi automobily. <strong>Zva\u017ete proto, pros\u00edm, mo\u017enost vysazovat d\u011bti ve v\u011bt\u0161\u00ed vzd\u00e1lenosti od budovy \u0161koly.<\/strong><\/p>\n","protected":false},"excerpt":{"rendered":"<p>Ve st\u0159edu 30. 9. 2020 bude zah\u00e1jena p\u0159\u00edstavba budovy z\u00e1kladn\u00ed \u0161koly. Budova \u0161koly se postupn\u011b rozroste o dal\u0161\u00ed patro s p\u011bti nov\u00fdmi t\u0159\u00eddami.<\/p>\n","protected":false},"author":3,"featured_media":5341,"comment_status":"closed","ping_status":"closed","sticky":false,"template":"","format":"standard","meta":{"footnotes":""},"categories":[90,5,3],"tags":[65,67],"class_list":["post-5340","post","type-post","status-publish","format-standard","has-post-thumbnail","hentry","category-aktualne","category-kalendar-akci","category-novinky","tag-vzdelavani","tag-zs"],"_links":{"self":[{"href":"https:\/\/zszastavka.cz\/index.php?rest_route=\/wp\/v2\/posts\/5340","targetHints":{"allow":["GET"]}}],"collection":[{"href":"https:\/\/zszastavka.cz\/index.php?rest_route=\/wp\/v2\/posts"}],"about":[{"href":"https:\/\/zszastavka.cz\/index.php?rest_route=\/wp\/v2\/types\/post"}],"author":[{"embeddable":true,"href":"https:\/\/zszastavka.cz\/index.php?rest_route=\/wp\/v2\/users\/3"}],"replies":[{"embeddable":true,"href":"https:\/\/zszastavka.cz\/index.php?rest_route=%2Fwp%2Fv2%2Fcomments&post=5340"}],"version-history":[{"count":0,"href":"https:\/\/zszastavka.cz\/index.php?rest_route=\/wp\/v2\/posts\/5340\/revisions"}],"wp:featuredmedia":[{"embeddable":true,"href":"https:\/\/zszastavka.cz\/index.php?rest_route=\/wp\/v2\/media\/5341"}],"wp:attachment":[{"href":"https:\/\/zszastavka.cz\/index.php?rest_route=%2Fwp%2Fv2%2Fmedia&parent=5340"}],"wp:term":[{"taxonomy":"category","embeddable":true,"href":"https:\/\/zszastavka.cz\/index.php?rest_route=%2Fwp%2Fv2%2Fcategories&post=5340"},{"taxonomy":"post_tag","embeddable":true,"href":"https:\/\/zszastavka.cz\/index.php?rest_route=%2Fwp%2Fv2%2Ftags&post=5340"}],"curies":[{"name":"wp","href":"https:\/\/api.w.org\/{rel}","templated":true}]}}