{"id":5316,"date":"2020-09-18T12:36:00","date_gmt":"2020-09-18T10:36:00","guid":{"rendered":"https:\/\/zszastavka.cz\/?p=5316"},"modified":"2020-09-21T09:39:58","modified_gmt":"2020-09-21T07:39:58","slug":"noseni-rousek","status":"publish","type":"post","link":"https:\/\/zszastavka.cz\/?p=5316","title":{"rendered":"No\u0161en\u00ed rou\u0161ek"},"content":{"rendered":"\n<p>Od p\u00e1tku 18. z\u00e1\u0159\u00ed je povinn\u00e9 no\u0161en\u00ed rou\u0161ek i ve t\u0159\u00edd\u00e1ch 2. stupn\u011b. D\u00e1le jsou povinn\u00e9 rou\u0161ky ve vnit\u0159n\u00edch prostor\u00e1ch budov v cel\u00e9 \u010cR. <strong>Aktualizov\u00e1no<\/strong>!<\/p>\n\n\n\n<!--more-->\n\n\n\n<p class=\"has-white-color has-vivid-red-background-color has-text-color has-background\">V n\u00e1vaznosti na v\u00fd\u0161e uveden\u00e9 zm\u011bny k no\u0161en\u00ed ochrann\u00fdch prost\u0159edk\u016f d\u00fdchac\u00edch cest plat\u00ed:<\/p>\n\n\n\n<ul class=\"wp-block-list\"><li>Pro mate\u0159sk\u00e9 \u0161koly se st\u00e1vaj\u00edc\u00ed re\u017eim nem\u011bn\u00ed, st\u00e1le plat\u00ed v\u00fdjimka z povinnosti nosit ochranu d\u00fdchac\u00edch cest (\u00fast a nosu) pro d\u011bti a pedagogick\u00e9 pracovn\u00edky v t\u011bchto \u0161kol\u00e1ch.<\/li><li>Pro 1. stupe\u0148 z\u00e1kladn\u00edch \u0161kol a p\u0159\u00edpravn\u00e9 t\u0159\u00eddy z\u00e1kladn\u00edch \u0161kol se re\u017eim nem\u011bn\u00ed. V r\u00e1mci v\u00fduky v u\u010debn\u00e1ch se ochrana d\u00fdchac\u00edch cest nevy\u017eaduje. Ochrana d\u00fdchac\u00edch cest nen\u00ed vy\u017eadov\u00e1na ani b\u011bhem p\u0159est\u00e1vek p\u0159i pobytu \u017e\u00e1k\u016f v u\u010debn\u011b. \u017d\u00e1ci i v\u0161ichni pracovn\u00edci \u0161koly mus\u00ed nosit ochranu d\u00fdchac\u00edch cest ve spole\u010dn\u00fdch prostor\u00e1ch \u0161koly (nap\u0159. chodby a z\u00e1chody).<\/li><li>Pro 2. stupe\u0148 z\u00e1kladn\u00edch \u0161kol, st\u0159edn\u00ed \u0161koly, konzervato\u0159e, vy\u0161\u0161\u00ed odborn\u00e9 \u0161koly, z\u00e1kladn\u00ed um\u011bleck\u00e9 \u0161koly a jazykov\u00e9 \u0161koly s pr\u00e1vem st\u00e1tn\u00ed jazykov\u00e9 zkou\u0161ky a v\u0161echna \u0161kolsk\u00e1 za\u0159\u00edzen\u00ed (s v\u00fdjimkami uveden\u00fdmi d\u00e1le) se mimo\u0159\u00e1dn\u00fdm opat\u0159en\u00edm zav\u00e1d\u00ed povinnost no\u0161en\u00ed ochrany d\u00fdchac\u00edch cest pro v\u0161echny \u017e\u00e1ky a pracovn\u00edky \u0161koly nebo \u0161kolsk\u00e9ho za\u0159\u00edzen\u00ed ve v\u0161ech vnit\u0159n\u00edch prostorech \u0161koly nebo \u0161kolsk\u00e9ho za\u0159\u00edzen\u00ed, tedy v\u010detn\u011b u\u010deben. Ochrana d\u00fdchac\u00edch cest u \u017e\u00e1k\u016f, student\u016f a pedagogick\u00fdch pracovn\u00edk\u016f nen\u00ed vy\u017eadov\u00e1na pro vzd\u011bl\u00e1vac\u00ed aktivity, jejich\u017e charakter neumo\u017e\u0148uje no\u0161en\u00ed ochrann\u00e9ho prost\u0159edku (nap\u0159. t\u011blocvik, zp\u011bv, hra na dechov\u00e9 n\u00e1stroje).<\/li><li>Pracovn\u00edci \u0161kol a \u0161kolsk\u00fdch za\u0159\u00edzen\u00ed nemus\u00ed ochranu d\u00fdchac\u00edch cest nosit ani v p\u0159\u00edpad\u011b, kdy vykon\u00e1vaj\u00ed pr\u00e1ci na jednom m\u00edst\u011b \u2013 typicky v kabinetu, pracuje-li takov\u00e1 osoba ve vzd\u00e1lenosti nejm\u00e9n\u011b 2 metry od jin\u00e9 osoby, (viz \u010d\u00e1st I., bod 2, p\u00edsm. p) Mimo\u0159\u00e1dn\u00e9ho opat\u0159en\u00ed Ministerstva zdravotnictv\u00ed k no\u0161en\u00ed ochrann\u00fdch prost\u0159edk\u016f d\u00fdchac\u00edch cest.<\/li><\/ul>\n\n\n\n<p><strong>Mimo\u0159\u00e1dn\u00e9 opat\u0159en\u00ed&nbsp;najdete ke sta\u017een\u00ed pod p\u0159\u00edsp\u011bvkem.<\/strong><\/p>\n","protected":false},"excerpt":{"rendered":"<p>Od p\u00e1tku 18. z\u00e1\u0159\u00ed je povinn\u00e9 no\u0161en\u00ed rou\u0161ek i ve t\u0159\u00edd\u00e1ch 2. stupn\u011b. D\u00e1le jsou povinn\u00e9 rou\u0161ky ve vnit\u0159n\u00edch prostor\u00e1ch budov v cel\u00e9 \u010cR. Aktualizov\u00e1no!<\/p>\n","protected":false},"author":1,"featured_media":3079,"comment_status":"closed","ping_status":"closed","sticky":false,"template":"","format":"standard","meta":{"footnotes":""},"categories":[90,72,3],"tags":[18],"class_list":["post-5316","post","type-post","status-publish","format-standard","has-post-thumbnail","hentry","category-aktualne","category-mimoradna-opatreni","category-novinky","tag-mo"],"_links":{"self":[{"href":"https:\/\/zszastavka.cz\/index.php?rest_route=\/wp\/v2\/posts\/5316","targetHints":{"allow":["GET"]}}],"collection":[{"href":"https:\/\/zszastavka.cz\/index.php?rest_route=\/wp\/v2\/posts"}],"about":[{"href":"https:\/\/zszastavka.cz\/index.php?rest_route=\/wp\/v2\/types\/post"}],"author":[{"embeddable":true,"href":"https:\/\/zszastavka.cz\/index.php?rest_route=\/wp\/v2\/users\/1"}],"replies":[{"embeddable":true,"href":"https:\/\/zszastavka.cz\/index.php?rest_route=%2Fwp%2Fv2%2Fcomments&post=5316"}],"version-history":[{"count":0,"href":"https:\/\/zszastavka.cz\/index.php?rest_route=\/wp\/v2\/posts\/5316\/revisions"}],"wp:featuredmedia":[{"embeddable":true,"href":"https:\/\/zszastavka.cz\/index.php?rest_route=\/wp\/v2\/media\/3079"}],"wp:attachment":[{"href":"https:\/\/zszastavka.cz\/index.php?rest_route=%2Fwp%2Fv2%2Fmedia&parent=5316"}],"wp:term":[{"taxonomy":"category","embeddable":true,"href":"https:\/\/zszastavka.cz\/index.php?rest_route=%2Fwp%2Fv2%2Fcategories&post=5316"},{"taxonomy":"post_tag","embeddable":true,"href":"https:\/\/zszastavka.cz\/index.php?rest_route=%2Fwp%2Fv2%2Ftags&post=5316"}],"curies":[{"name":"wp","href":"https:\/\/api.w.org\/{rel}","templated":true}]}}