{"id":4312,"date":"2020-06-29T08:00:00","date_gmt":"2020-06-29T06:00:00","guid":{"rendered":"https:\/\/zszastavka.cz\/?p=4312"},"modified":"2020-06-29T08:49:11","modified_gmt":"2020-06-29T06:49:11","slug":"zaver-skolniho-roku-2019-2020","status":"publish","type":"post","link":"https:\/\/zszastavka.cz\/?p=4312","title":{"rendered":"Z\u00e1v\u011br \u0161koln\u00edho roku 2019\/2020"},"content":{"rendered":"\n<p>V \u00fater\u00fd 30.\u00a06.\u00a02020 prob\u011bhne <strong>p\u0159ed budovou \u0161koly<\/strong> zakon\u010den\u00ed \u0161koln\u00edho roku p\u0159ed\u00e1n\u00edm vysv\u011bd\u010den\u00ed <strong>v\u0161em \u017e\u00e1k\u016fm<\/strong>. Po p\u0159ed\u00e1n\u00ed vysv\u011bd\u010den\u00ed \u017e\u00e1ci odch\u00e1zej\u00ed, nejsou ji\u017e zaji\u0161\u0165ov\u00e1ny odpoledn\u00ed aktivity. Podrobnosti se do\u010dtete v p\u0159\u00edsp\u011bvku&#8230;<\/p>\n\n\n\n<!--more-->\n\n\n\n<p class=\"has-text-color has-luminous-vivid-orange-color\"><strong>P\u0159ed budovou \u0161koly v 8:00 hodin prob\u011bhne p\u0159ed\u00e1n\u00ed vysv\u011bd\u010den\u00ed \u017e\u00e1k\u016fm 1. a\u017e 8. ro\u010dn\u00edku (1. a 2. ro\u010dn\u00edk p\u0159ed budovou CCV).<\/strong><\/p>\n\n\n\n<p><strong>P\u0159ed budovou \u0161koly v 9:00 hodin prob\u011bhne rozlou\u010den\u00ed se \u017e\u00e1ky 9.&nbsp;ro\u010dn\u00edk\u016f a p\u0159ed\u00e1n\u00ed vysv\u011bd\u010den\u00ed.<\/strong><\/p>\n\n\n\n<p class=\"has-text-color has-background has-very-light-gray-color has-vivid-cyan-blue-background-color\"><strong><strong>Vysv\u011bd\u010den\u00ed, kter\u00e1 si \u017e\u00e1ci nep\u0159evzali 30.&nbsp;6.&nbsp;2020 p\u0159ed budovou \u0161koly, budou k vyzvednut\u00ed v kancel\u00e1\u0159i \u0161koly od 1.&nbsp;7. do 17.&nbsp;7.&nbsp;2020 ka\u017ed\u00fd pracovn\u00ed den od 8:00 do 12:00 hodin.<\/strong><\/strong><\/p>\n\n\n\n<p>Nevyzvednut\u00e1 vysv\u011bd\u010den\u00ed \u017e\u00e1ci obdr\u017e\u00ed na po\u010d\u00e1tku dal\u0161\u00edho \u0161koln\u00edho roku.<\/p>\n","protected":false},"excerpt":{"rendered":"<p>V \u00fater\u00fd 30.\u00a06.\u00a02020 prob\u011bhne p\u0159ed budovou \u0161koly zakon\u010den\u00ed \u0161koln\u00edho roku p\u0159ed\u00e1n\u00edm vysv\u011bd\u010den\u00ed v\u0161em \u017e\u00e1k\u016fm. Po p\u0159ed\u00e1n\u00ed vysv\u011bd\u010den\u00ed \u017e\u00e1ci odch\u00e1zej\u00ed, nejsou ji\u017e zaji\u0161\u0165ov\u00e1ny odpoledn\u00ed aktivity. Podrobnosti se do\u010dtete v p\u0159\u00edsp\u011bvku&#8230;<\/p>\n","protected":false},"author":3,"featured_media":4313,"comment_status":"closed","ping_status":"closed","sticky":false,"template":"","format":"standard","meta":{"footnotes":""},"categories":[72,3],"tags":[20,18,67],"class_list":["post-4312","post","type-post","status-publish","format-standard","has-post-thumbnail","hentry","category-mimoradna-opatreni","category-novinky","tag-informace","tag-mo","tag-zs"],"_links":{"self":[{"href":"https:\/\/zszastavka.cz\/index.php?rest_route=\/wp\/v2\/posts\/4312","targetHints":{"allow":["GET"]}}],"collection":[{"href":"https:\/\/zszastavka.cz\/index.php?rest_route=\/wp\/v2\/posts"}],"about":[{"href":"https:\/\/zszastavka.cz\/index.php?rest_route=\/wp\/v2\/types\/post"}],"author":[{"embeddable":true,"href":"https:\/\/zszastavka.cz\/index.php?rest_route=\/wp\/v2\/users\/3"}],"replies":[{"embeddable":true,"href":"https:\/\/zszastavka.cz\/index.php?rest_route=%2Fwp%2Fv2%2Fcomments&post=4312"}],"version-history":[{"count":0,"href":"https:\/\/zszastavka.cz\/index.php?rest_route=\/wp\/v2\/posts\/4312\/revisions"}],"wp:featuredmedia":[{"embeddable":true,"href":"https:\/\/zszastavka.cz\/index.php?rest_route=\/wp\/v2\/media\/4313"}],"wp:attachment":[{"href":"https:\/\/zszastavka.cz\/index.php?rest_route=%2Fwp%2Fv2%2Fmedia&parent=4312"}],"wp:term":[{"taxonomy":"category","embeddable":true,"href":"https:\/\/zszastavka.cz\/index.php?rest_route=%2Fwp%2Fv2%2Fcategories&post=4312"},{"taxonomy":"post_tag","embeddable":true,"href":"https:\/\/zszastavka.cz\/index.php?rest_route=%2Fwp%2Fv2%2Ftags&post=4312"}],"curies":[{"name":"wp","href":"https:\/\/api.w.org\/{rel}","templated":true}]}}