{"id":4289,"date":"2020-08-31T10:00:00","date_gmt":"2020-08-31T08:00:00","guid":{"rendered":"https:\/\/zszastavka.cz\/?p=4289"},"modified":"2020-09-09T12:20:54","modified_gmt":"2020-09-09T10:20:54","slug":"informace-k-novemu-sk-roku","status":"publish","type":"post","link":"https:\/\/zszastavka.cz\/?p=4289","title":{"rendered":"Informace k nov\u00e9mu \u0161koln\u00edmu roku"},"content":{"rendered":"\n<p>Z\u00e1kladn\u00ed \u0161kola a Mate\u0159sk\u00e1 \u0161kola T. G. Masaryka Zast\u00e1vka sd\u011bluje rodi\u010d\u016fm a \u017e\u00e1k\u016fm, \u017ee \u0161koln\u00ed rok 2020\/2021 za\u010d\u00edn\u00e1 v&nbsp;\u00fater\u00fd 1.&nbsp;z\u00e1\u0159\u00ed 2020 v&nbsp;8.00 hodin p\u0159ed budovou \u0161koly. V&nbsp;p\u0159\u00edpad\u011b nep\u0159\u00edzniv\u00e9ho po\u010das\u00ed bude program ve kmenov\u00fdch t\u0159\u00edd\u00e1ch \u0161koly. V\u00fduka potrv\u00e1 v tento den 1 a\u017e 2 hodiny. <\/p>\n\n\n\n<!--more-->\n\n\n\n<p class=\"has-white-color has-vivid-cyan-blue-background-color has-text-color has-background\"><strong>Rodi\u010de nov\u00fdch prv\u0148\u00e1\u010dk\u016f obdr\u017e\u00ed informace po slavnostn\u00edm zah\u00e1jen\u00ed ve t\u0159\u00edd\u00e1ch od t\u0159\u00eddn\u00edch u\u010ditelek.<\/strong> <\/p>\n\n\n\n<p>Provoz \u0161koln\u00ed dru\u017einy za\u010d\u00edn\u00e1 pro p\u0159ihl\u00e1\u0161en\u00e9 d\u011bti ve st\u0159edu 2.&nbsp;z\u00e1\u0159\u00ed 2020. P\u0159ihl\u00e1\u0161ku si bude mo\u017en\u00e9 vyzvednout od vedouc\u00ed vychovatelky M.&nbsp;Ku\u010derov\u00e9 v \u00fater\u00fd 1.&nbsp;z\u00e1\u0159\u00ed 2020. <strong>Kapacita dru\u017einy je omezen\u00e1, d\u011bti ze \u010dtvrt\u00fdch a p\u00e1t\u00fdch t\u0159\u00edd maj\u00ed minim\u00e1ln\u00ed \u0161anci na p\u0159ijet\u00ed do \u0160D.<\/strong><\/p>\n\n\n\n<p>Stravov\u00e1n\u00ed zaji\u0161\u0165uje \u0161koln\u00ed <a rel=\"noreferrer noopener\" href=\"https:\/\/www.gzastavka.cz\/\" target=\"_blank\">j\u00eddelna gymn\u00e1zia<\/a>. Informace obdr\u017e\u00edte na telefonn\u00edm \u010d\u00edsle 546&nbsp;429&nbsp;241.<\/p>\n\n\n\n<p class=\"has-black-color has-vivid-green-cyan-background-color has-text-color has-background\">Na za\u010d\u00e1tku \u0161koln\u00edho roku obdr\u017e\u00ed <strong>z\u00e1konn\u00ed z\u00e1stupci v\u0161ech \u017e\u00e1k\u016f<\/strong> nov\u00e9 p\u0159ihla\u0161ovac\u00ed \u00fadaje do IS Bakal\u00e1\u0159i. Spole\u010dn\u011b s nimi bude distribuov\u00e1na tak\u00e9 Informa\u010dn\u00ed bro\u017eura \u0161koly 2020\/2021. \u00davodn\u00ed t\u0159\u00eddn\u00ed sch\u016fzky se v m\u011bs\u00edci z\u00e1\u0159\u00ed neuskute\u010dn\u00ed, sledujte informace na n\u00e1st\u011bnce v IS Bakal\u00e1\u0159i \u2013 Komens.<\/p>\n\n\n\n<p class=\"has-black-color has-luminous-vivid-amber-background-color has-text-color has-background\">Pom\u016fcky pro \u017e\u00e1ky prvn\u00edho i dal\u0161\u00edch ro\u010dn\u00edk\u016f naleznete v p\u0159\u00edloze n\u00ed\u017ee a jsou rozd\u011bleny dle p\u0159\u00edslu\u0161n\u00e9ho ro\u010dn\u00edku a zp\u016fsobu doch\u00e1zky do na\u0161\u00ed \u0161koly.<\/p>\n","protected":false},"excerpt":{"rendered":"<p>Z\u00e1kladn\u00ed \u0161kola a Mate\u0159sk\u00e1 \u0161kola T. G. Masaryka Zast\u00e1vka sd\u011bluje rodi\u010d\u016fm a \u017e\u00e1k\u016fm, \u017ee \u0161koln\u00ed rok 2020\/2021 za\u010d\u00edn\u00e1 v&nbsp;\u00fater\u00fd 1.&nbsp;z\u00e1\u0159\u00ed 2020 v&nbsp;8.00 hodin p\u0159ed budovou \u0161koly. V&nbsp;p\u0159\u00edpad\u011b nep\u0159\u00edzniv\u00e9ho po\u010das\u00ed bude program ve kmenov\u00fdch t\u0159\u00edd\u00e1ch \u0161koly. V\u00fduka potrv\u00e1 v tento den 1 a\u017e 2 hodiny.<\/p>\n","protected":false},"author":4,"featured_media":529,"comment_status":"closed","ping_status":"closed","sticky":false,"template":"","format":"standard","meta":{"footnotes":""},"categories":[90,3],"tags":[77,65,67],"class_list":["post-4289","post","type-post","status-publish","format-standard","has-post-thumbnail","hentry","category-aktualne","category-novinky","tag-sd","tag-vzdelavani","tag-zs"],"_links":{"self":[{"href":"https:\/\/zszastavka.cz\/index.php?rest_route=\/wp\/v2\/posts\/4289","targetHints":{"allow":["GET"]}}],"collection":[{"href":"https:\/\/zszastavka.cz\/index.php?rest_route=\/wp\/v2\/posts"}],"about":[{"href":"https:\/\/zszastavka.cz\/index.php?rest_route=\/wp\/v2\/types\/post"}],"author":[{"embeddable":true,"href":"https:\/\/zszastavka.cz\/index.php?rest_route=\/wp\/v2\/users\/4"}],"replies":[{"embeddable":true,"href":"https:\/\/zszastavka.cz\/index.php?rest_route=%2Fwp%2Fv2%2Fcomments&post=4289"}],"version-history":[{"count":0,"href":"https:\/\/zszastavka.cz\/index.php?rest_route=\/wp\/v2\/posts\/4289\/revisions"}],"wp:featuredmedia":[{"embeddable":true,"href":"https:\/\/zszastavka.cz\/index.php?rest_route=\/wp\/v2\/media\/529"}],"wp:attachment":[{"href":"https:\/\/zszastavka.cz\/index.php?rest_route=%2Fwp%2Fv2%2Fmedia&parent=4289"}],"wp:term":[{"taxonomy":"category","embeddable":true,"href":"https:\/\/zszastavka.cz\/index.php?rest_route=%2Fwp%2Fv2%2Fcategories&post=4289"},{"taxonomy":"post_tag","embeddable":true,"href":"https:\/\/zszastavka.cz\/index.php?rest_route=%2Fwp%2Fv2%2Ftags&post=4289"}],"curies":[{"name":"wp","href":"https:\/\/api.w.org\/{rel}","templated":true}]}}