{"id":4201,"date":"2020-06-03T14:30:00","date_gmt":"2020-06-03T12:30:00","guid":{"rendered":"https:\/\/zszastavka.cz\/?p=4201"},"modified":"2020-06-09T09:12:34","modified_gmt":"2020-06-09T07:12:34","slug":"organizace-konzultaci-pro-2-stupen","status":"publish","type":"post","link":"https:\/\/zszastavka.cz\/?p=4201","title":{"rendered":"Organizace konzultac\u00ed pro 2.&nbsp;stupe\u0148"},"content":{"rendered":"\n<p>V\u00e1\u017een\u00ed z\u00e1konn\u00ed z\u00e1stupci, vzhledem k mo\u017enosti od 8.&nbsp;\u010dervna 2020 povolit n\u00e1v\u0161t\u011bvu \u0161koly i pro \u017e\u00e1ky 2.&nbsp;stupn\u011b jsme p\u0159ipravili pro jednotliv\u00e9 t\u0159\u00eddy a rozd\u011blen\u00e9 skupiny rozpis konzulta\u010dn\u00edch hodin (viz dokument <em>Pravidla a organizace konzulta\u010dn\u00edch hodin pro \u017e\u00e1ky 2.&nbsp;stupn\u011b<\/em>). Rozd\u011blen\u00ed do skupin sd\u011bl\u00ed z\u00e1konn\u00fdm z\u00e1stupc\u016fm t\u0159\u00eddn\u00ed u\u010ditel v syst\u00e9mu Komens v IS Bakal\u00e1\u0159i.<\/p>\n\n\n\n<p>\u017d\u00e1ci mus\u00ed pedagogick\u00e9mu pracovn\u00edkovi p\u0159i n\u00e1stupu p\u0159edat v p\u00edsemn\u00e9 podob\u011b podepsan\u00e9 <em>\u010cestn\u00e9 prohl\u00e1\u0161en\u00ed o\u00a0neexistenci p\u0159\u00edznak\u016f virov\u00e9ho infek\u010dn\u00edho onemocn\u011bn\u00ed<\/em> (ke sta\u017een\u00ed n\u00ed\u017ee). <strong>Pokud tak \u017e\u00e1k neu\u010din\u00ed, nebude se moci konzulta\u010dn\u00edch hodin z\u00fa\u010dastnit.<\/strong><\/p>\n\n\n\n<p>N\u00e1pln\u00ed konzulta\u010dn\u00edch hodin bude p\u0159edev\u0161\u00edm:<\/p>\n\n\n\n<ul class=\"wp-block-list\"><li><strong>odevzd\u00e1n\u00ed u\u010debnic<\/strong><\/li><li>vyzvednut\u00ed osobn\u00edch v\u011bc\u00ed ve sk\u0159\u00ed\u0148k\u00e1ch v \u0161atn\u011b, pop\u0159. ve sk\u0159\u00ed\u0148ce na chodb\u011b (odnos z\u00e1mk\u016f)<\/li><li>odevzd\u00e1n\u00ed prac\u00ed z dom\u00e1c\u00ed p\u0159\u00edpravy<\/li><\/ul>\n\n\n\n<p>Vysv\u011bd\u010den\u00ed \u017e\u00e1k\u016f si mohou z\u00e1konn\u00ed z\u00e1stupci vyzvednout od 1. do 17.&nbsp;\u010dervence 2020 v kancel\u00e1\u0159i \u0161koly ka\u017ed\u00fd pracovn\u00ed den od 8:00 do 12:00 hodin.<\/p>\n\n\n\n<p class=\"has-background has-pale-cyan-blue-background-color\">\u017d\u00e1ci <strong>dev\u00e1t\u00fdch ro\u010dn\u00edk\u016f<\/strong> obdr\u017e\u00ed vysv\u011bd\u010den\u00ed 30.\u00a0\u010dervna v 9:00 p\u0159ed budovou \u0161koly.<\/p>\n","protected":false},"excerpt":{"rendered":"<p>V\u00e1\u017een\u00ed z\u00e1konn\u00ed z\u00e1stupci, vzhledem k mo\u017enosti od 8.&nbsp;\u010dervna 2020 povolit n\u00e1v\u0161t\u011bvu \u0161koly i pro \u017e\u00e1ky 2.&nbsp;stupn\u011b jsme p\u0159ipravili pro jednotliv\u00e9 t\u0159\u00eddy a rozd\u011blen\u00e9 skupiny rozpis konzulta\u010dn\u00edch hodin (viz dokument Pravidla a organizace konzulta\u010dn\u00edch hodin pro \u017e\u00e1ky 2.&nbsp;stupn\u011b). Rozd\u011blen\u00ed do skupin sd\u011bl\u00ed z\u00e1konn\u00fdm z\u00e1stupc\u016fm t\u0159\u00eddn\u00ed u\u010ditel v syst\u00e9mu Komens v IS Bakal\u00e1\u0159i. \u017d\u00e1ci mus\u00ed pedagogick\u00e9mu pracovn\u00edkovi&hellip;<\/p>\n","protected":false},"author":3,"featured_media":4212,"comment_status":"closed","ping_status":"closed","sticky":false,"template":"","format":"standard","meta":{"footnotes":""},"categories":[72,3],"tags":[18,67],"class_list":["post-4201","post","type-post","status-publish","format-standard","has-post-thumbnail","hentry","category-mimoradna-opatreni","category-novinky","tag-mo","tag-zs"],"_links":{"self":[{"href":"https:\/\/zszastavka.cz\/index.php?rest_route=\/wp\/v2\/posts\/4201","targetHints":{"allow":["GET"]}}],"collection":[{"href":"https:\/\/zszastavka.cz\/index.php?rest_route=\/wp\/v2\/posts"}],"about":[{"href":"https:\/\/zszastavka.cz\/index.php?rest_route=\/wp\/v2\/types\/post"}],"author":[{"embeddable":true,"href":"https:\/\/zszastavka.cz\/index.php?rest_route=\/wp\/v2\/users\/3"}],"replies":[{"embeddable":true,"href":"https:\/\/zszastavka.cz\/index.php?rest_route=%2Fwp%2Fv2%2Fcomments&post=4201"}],"version-history":[{"count":0,"href":"https:\/\/zszastavka.cz\/index.php?rest_route=\/wp\/v2\/posts\/4201\/revisions"}],"wp:featuredmedia":[{"embeddable":true,"href":"https:\/\/zszastavka.cz\/index.php?rest_route=\/wp\/v2\/media\/4212"}],"wp:attachment":[{"href":"https:\/\/zszastavka.cz\/index.php?rest_route=%2Fwp%2Fv2%2Fmedia&parent=4201"}],"wp:term":[{"taxonomy":"category","embeddable":true,"href":"https:\/\/zszastavka.cz\/index.php?rest_route=%2Fwp%2Fv2%2Fcategories&post=4201"},{"taxonomy":"post_tag","embeddable":true,"href":"https:\/\/zszastavka.cz\/index.php?rest_route=%2Fwp%2Fv2%2Ftags&post=4201"}],"curies":[{"name":"wp","href":"https:\/\/api.w.org\/{rel}","templated":true}]}}