{"id":3072,"date":"2020-05-10T11:48:50","date_gmt":"2020-05-10T09:48:50","guid":{"rendered":"https:\/\/wp.zszastavka.cz\/?p=3072"},"modified":"2020-05-28T21:04:52","modified_gmt":"2020-05-28T19:04:52","slug":"moznost-dochazky-zaku-prvniho-stupne-od-25-kvetna-2020-2","status":"publish","type":"post","link":"https:\/\/zszastavka.cz\/?p=3072","title":{"rendered":"Mo\u017enost doch\u00e1zky \u017e\u00e1k\u016f 1.&nbsp;stupn\u011b od 25.&nbsp;kv\u011btna 2020"},"content":{"rendered":"\n<p>V\u00e1\u017een\u00ed z\u00e1konn\u00ed z\u00e1stupci \u017e\u00e1k\u016f na\u0161\u00ed \u0161koly, cht\u011bli bychom v\u00e1s vypln\u011bn\u00edm formul\u00e1\u0159e po\u017e\u00e1dat o z\u00e1vazn\u00e9 sd\u011blen\u00ed, zda va\u0161e d\u00edt\u011b bude od 25. kv\u011btna 2020 nav\u0161t\u011bvovat \u0161kolu.<\/p>\n\n\n\n<!--more-->\n\n\n\n<p>Od 25. kv\u011btna bude mo\u017en\u00e1 osobn\u00ed p\u0159\u00edtomnost \u017e\u00e1k\u016f prvn\u00edch stup\u0148\u016f z\u00e1kladn\u00edch \u0161kol na vzd\u011bl\u00e1vac\u00edch aktivit\u00e1ch formou \u0161koln\u00edch skupin. <strong>\u00da\u010dast \u017e\u00e1k\u016f v\u0161ak nebude povinn\u00e1.<\/strong> <\/p>\n\n\n\n<p class=\"has-background has-very-light-gray-background-color\">Z\u00e1rove\u0148 v\u0161ak nen\u00ed mo\u017en\u00e9 povolit \u00fa\u010dast \u017e\u00e1k\u016fm, <strong>kter\u00e9 z\u00e1konn\u00fd z\u00e1stupce k doch\u00e1zce nep\u0159ihl\u00e1s\u00ed <a rel=\"noreferrer noopener\" href=\"https:\/\/forms.gle\/y2utLKrf9vPc2WX47\" target=\"_blank\">na formul\u00e1\u0159i<\/a><\/strong> <br>do 18. kv\u011btna 2020 do 18.00 hodin.<\/p>\n\n\n\n<p>Jsme limitov\u00e1ni pokyny M\u0160MT:<\/p>\n\n\n\n<ul class=\"wp-block-list\"><li>Doporu\u010den\u00fd po\u010det \u017e\u00e1k\u016f ve \u0161koln\u00ed skupin\u011b bude 15 a bude mo\u017en\u00e9 jej dle m\u00edstn\u00edch podm\u00ednek nav\u00fd\u0161it, mus\u00ed v\u0161ak b\u00fdt spln\u011bna podm\u00ednka jedno d\u00edt\u011b v lavici.<\/li><li>Slo\u017een\u00ed skupin bude nem\u011bnn\u00e9 a d\u00edt\u011b tedy nebude moci skupiny m\u011bnit. Vz\u00e1jemn\u00fd kontakt skupin bude omezen\u00fd.<\/li><li>\u0160koln\u00ed dru\u017einy, \u0161koln\u00ed kluby ani z\u00e1jmov\u00e9 krou\u017eky nad r\u00e1mec jedn\u00e9 skupiny povoleny nebudou.<\/li><li>T\u011blesn\u00e1 v\u00fduka bude zak\u00e1z\u00e1na.<\/li><li>Co se t\u00fd\u010de j\u00eddelen, jejich otev\u0159en\u00ed bude podm\u00edn\u011bno aktu\u00e1ln\u00ed m\u00edstn\u00edmi podm\u00ednkami.<\/li><li>V pr\u016fb\u011bhu vyu\u010dov\u00e1n\u00ed bude sice doporu\u010deno no\u0161en\u00ed rou\u0161ky, nicm\u00e9n\u011b vyu\u010duj\u00edc\u00ed bude moci o jej\u00edm no\u0161en\u00ed rozhodnout dle pot\u0159eby. P\u0159i skupinov\u00e9 pr\u00e1ci a aktivit ve vz\u00e1jemn\u00e9 bl\u00edzkosti, ale stejn\u011b tak mimo t\u0159\u00eddu a ve spole\u010dn\u00fdch prostor\u00e1ch \u0161kol budou rou\u0161ky povinn\u00e9.<\/li><\/ul>\n\n\n\n<p><strong>J\u00eddelna gymn\u00e1zia prozat\u00edm NEBUDE POSKYTOVAT OB\u011aDY \u017d\u00c1K\u016eM, j\u00eddlo si mus\u00ed \u017e\u00e1ci vz\u00edt r\u00e1no s sebou!<\/strong><\/p>\n\n\n\n<p>Podrobn\u011bj\u0161\u00ed informace k rozd\u011blen\u00ed do skupin, organizaci dopoledn\u00edch i odpoledn\u00edch aktivit, p\u0159eb\u00edr\u00e1n\u00ed a vyzved\u00e1v\u00e1n\u00ed d\u011bt\u00ed a hygienick\u00fdm podm\u00ednk\u00e1m sd\u011bl\u00edme na webu \u0161koly nejpozd\u011bji 22. kv\u011btna 2020.<\/p>\n\n\n\n<p class=\"has-text-color has-vivid-red-color\"><strong>Pokud by nebylo mo\u017en\u00e9 z technick\u00fdch, organiza\u010dn\u00edch \u010di person\u00e1ln\u00edch d\u016fvod\u016f zajistit doch\u00e1zku v\u0161ech p\u0159ihl\u00e1\u0161en\u00fdch d\u011bt\u00ed, bude nutn\u00e9 uplatnit krit\u00e9rium pro doch\u00e1zku \u2013 v\u011bk d\u00edt\u011bte.<\/strong><\/p>\n\n\n\n<p>P\u0159i n\u00e1stupu d\u00edt\u011bte do \u0161koly je povinnost\u00ed p\u0159edat podepsan\u00e9 \u201e\u010cESTN\u00c9 PROHL\u00c1\u0160EN\u00cd O NEEXISTENCI P\u0158\u00cdZNAK\u016e VIROV\u00c9HO INFEK\u010cN\u00cdHO ONEMOCN\u011aN\u00cd\u201c (ke sta\u017een\u00ed n\u00ed\u017ee).<\/p>\n\n\n\n<p>Odkaz na formul\u00e1\u0159 i zde: <a href=\"https:\/\/forms.gle\/y2utLKrf9vPc2WX47\" target=\"_blank\" rel=\"noreferrer noopener\">https:\/\/forms.gle\/y2utLKrf9vPc2WX47<\/a><\/p>\n","protected":false},"excerpt":{"rendered":"<p>V\u00e1\u017een\u00ed z\u00e1konn\u00ed z\u00e1stupci \u017e\u00e1k\u016f na\u0161\u00ed \u0161koly, cht\u011bli bychom v\u00e1s vypln\u011bn\u00edm formul\u00e1\u0159e po\u017e\u00e1dat o z\u00e1vazn\u00e9 sd\u011blen\u00ed, zda va\u0161e d\u00edt\u011b bude od 25. kv\u011btna 2020 nav\u0161t\u011bvovat \u0161kolu.<\/p>\n","protected":false},"author":1,"featured_media":3074,"comment_status":"closed","ping_status":"closed","sticky":false,"template":"","format":"standard","meta":{"footnotes":""},"categories":[72,3],"tags":[30,18,67],"class_list":["post-3072","post","type-post","status-publish","format-standard","has-post-thumbnail","hentry","category-mimoradna-opatreni","category-novinky","tag-kalendar","tag-mo","tag-zs"],"_links":{"self":[{"href":"https:\/\/zszastavka.cz\/index.php?rest_route=\/wp\/v2\/posts\/3072","targetHints":{"allow":["GET"]}}],"collection":[{"href":"https:\/\/zszastavka.cz\/index.php?rest_route=\/wp\/v2\/posts"}],"about":[{"href":"https:\/\/zszastavka.cz\/index.php?rest_route=\/wp\/v2\/types\/post"}],"author":[{"embeddable":true,"href":"https:\/\/zszastavka.cz\/index.php?rest_route=\/wp\/v2\/users\/1"}],"replies":[{"embeddable":true,"href":"https:\/\/zszastavka.cz\/index.php?rest_route=%2Fwp%2Fv2%2Fcomments&post=3072"}],"version-history":[{"count":0,"href":"https:\/\/zszastavka.cz\/index.php?rest_route=\/wp\/v2\/posts\/3072\/revisions"}],"wp:featuredmedia":[{"embeddable":true,"href":"https:\/\/zszastavka.cz\/index.php?rest_route=\/wp\/v2\/media\/3074"}],"wp:attachment":[{"href":"https:\/\/zszastavka.cz\/index.php?rest_route=%2Fwp%2Fv2%2Fmedia&parent=3072"}],"wp:term":[{"taxonomy":"category","embeddable":true,"href":"https:\/\/zszastavka.cz\/index.php?rest_route=%2Fwp%2Fv2%2Fcategories&post=3072"},{"taxonomy":"post_tag","embeddable":true,"href":"https:\/\/zszastavka.cz\/index.php?rest_route=%2Fwp%2Fv2%2Ftags&post=3072"}],"curies":[{"name":"wp","href":"https:\/\/api.w.org\/{rel}","templated":true}]}}