{"id":3007,"date":"2020-05-04T15:32:18","date_gmt":"2020-05-04T13:32:18","guid":{"rendered":"https:\/\/wp.zszastavka.cz\/?p=3007"},"modified":"2020-05-28T21:05:10","modified_gmt":"2020-05-28T19:05:10","slug":"aktivity-zamerene-na-prijimaci-rizeni-pro-zaky-9-rocniku-od-11-kvetna-2020","status":"publish","type":"post","link":"https:\/\/zszastavka.cz\/?p=3007","title":{"rendered":"P\u0159\u00edtomnost \u017e\u00e1k\u016f 9.&nbsp;ro\u010dn\u00edk\u016f ve \u0161kole od 11.&nbsp;kv\u011btna 2020"},"content":{"rendered":"\n<p>Aktivity zam\u011b\u0159en\u00e9 na p\u0159ij\u00edmac\u00ed \u0159\u00edzen\u00ed pro \u017e\u00e1ky 9. ro\u010dn\u00edk\u016f od 11. kv\u011btna 2020 a zp\u016fsob p\u0159ihl\u00e1\u0161en\u00ed \u017e\u00e1k\u016f porobn\u011bji v p\u0159\u00edsp\u011bvku.<\/p>\n\n\n\n<!--more-->\n\n\n\n<p>V\u00e1\u017een\u00ed z\u00e1konn\u00ed z\u00e1stupci \u017e\u00e1k\u016f na\u0161\u00ed \u0161koly, cht\u011bli bychom v\u00e1s vypln\u011bn\u00edm <a rel=\"noreferrer noopener\" href=\"https:\/\/forms.gle\/HUnn595hwzbWhXSB7\" target=\"_blank\">tohoto formul\u00e1\u0159e<\/a> po\u017e\u00e1dat o z\u00e1vazn\u00e9 sd\u011blen\u00ed, zda bude m\u00edt va\u0161e d\u00edt\u011b z\u00e1jem od 11. kv\u011btna 2020 doch\u00e1zet do \u0161koly na aktivity zam\u011b\u0159en\u00e9 k p\u0159ij\u00edmac\u00edm zkou\u0161k\u00e1m na st\u0159edn\u00ed \u0161koly.<\/p>\n\n\n\n<p>V souladu s usnesen\u00edm vl\u00e1dy \u010d. 491 ze dne 30. dubna 2020 je od 11. 5. umo\u017en\u011bna osobn\u00ed p\u0159\u00edtomnost \u017e\u00e1k\u016f 9. ro\u010dn\u00edk\u016f pro \u00fa\u010dely p\u0159\u00edpravy na p\u0159ij\u00edmac\u00ed zkou\u0161ky.<\/p>\n\n\n\n<ul class=\"wp-block-list\"><li>Maxim\u00e1ln\u00ed po\u010det \u017e\u00e1k\u016f ve skupin\u011b je 15.<\/li><li>Slo\u017een\u00ed skupin je nem\u011bnn\u00e9 po celou dobu.<\/li><li>O za\u0159azen\u00ed \u017e\u00e1k\u016f do skupin rozhoduje \u0159editel \u0161koly.<\/li><li>\u017d\u00e1ka nelze za\u0159adit do \u0161koln\u00ed skupiny pozd\u011bji ne\u017e k 11. 5. 2020.<\/li><\/ul>\n\n\n\n<p>OBSAHEM JE U\u010cIVO Z P\u0158EDM\u011aT\u016e P\u0158IJ\u00cdMAC\u00cd ZKOU\u0160KY, C\u00cdLEM JE P\u0158\u00cdPRAVA NA P\u0158IJ\u00cdMAC\u00cd ZKOU\u0160KU. \u010cASOV\u00dd ROZSAH A ORGANIZACI STANOV\u00cd \u0158EDITEL \u0160KOLY.<\/p>\n\n\n\n<p>Dle organiza\u010dn\u00edch, technick\u00fdch a person\u00e1ln\u00edch mo\u017enosti \u0161koly nyn\u00ed p\u0159edpokl\u00e1d\u00e1me aktivity ve dvou dnech v t\u00fddnu ve dvouhodinov\u00fdch bloc\u00edch, a to od \u00fater\u00fd 12. kv\u011btna 2020. P\u0159esn\u00e9 rozd\u011blen\u00ed a \u010dasov\u00fd harmonogram zve\u0159ejn\u00edme na webu \u0161koly a v syst\u00e9mu Komens nejpozd\u011bji v pond\u011bl\u00ed 11. kv\u011btna 2020 do 12.00 hodin.<\/p>\n\n\n\n<p>Pro \u017e\u00e1ky nebude zaji\u0161t\u011bno stravov\u00e1n\u00ed!<\/p>\n\n\n\n<p>P\u0159i n\u00e1stupu d\u00edt\u011bte do \u0161koly je povinnost\u00ed p\u0159edat podepsan\u00e9 \u201e\u010cESTN\u00c9 PROHL\u00c1\u0160EN\u00cd O NEEXISTENCI P\u0158\u00cdZNAK\u016e VIROV\u00c9HO INFEK\u010cN\u00cdHO ONEMOCN\u011aN\u00cd\u201c.<\/p>\n","protected":false},"excerpt":{"rendered":"<p>Aktivity zam\u011b\u0159en\u00e9 na p\u0159ij\u00edmac\u00ed \u0159\u00edzen\u00ed pro \u017e\u00e1ky 9. ro\u010dn\u00edk\u016f od 11. kv\u011btna 2020 a zp\u016fsob p\u0159ihl\u00e1\u0161en\u00ed \u017e\u00e1k\u016f porobn\u011bji v p\u0159\u00edsp\u011bvku.<\/p>\n","protected":false},"author":1,"featured_media":3010,"comment_status":"closed","ping_status":"closed","sticky":false,"template":"","format":"standard","meta":{"footnotes":""},"categories":[72,3],"tags":[30,18,65,67],"class_list":["post-3007","post","type-post","status-publish","format-standard","has-post-thumbnail","hentry","category-mimoradna-opatreni","category-novinky","tag-kalendar","tag-mo","tag-vzdelavani","tag-zs"],"_links":{"self":[{"href":"https:\/\/zszastavka.cz\/index.php?rest_route=\/wp\/v2\/posts\/3007","targetHints":{"allow":["GET"]}}],"collection":[{"href":"https:\/\/zszastavka.cz\/index.php?rest_route=\/wp\/v2\/posts"}],"about":[{"href":"https:\/\/zszastavka.cz\/index.php?rest_route=\/wp\/v2\/types\/post"}],"author":[{"embeddable":true,"href":"https:\/\/zszastavka.cz\/index.php?rest_route=\/wp\/v2\/users\/1"}],"replies":[{"embeddable":true,"href":"https:\/\/zszastavka.cz\/index.php?rest_route=%2Fwp%2Fv2%2Fcomments&post=3007"}],"version-history":[{"count":0,"href":"https:\/\/zszastavka.cz\/index.php?rest_route=\/wp\/v2\/posts\/3007\/revisions"}],"wp:featuredmedia":[{"embeddable":true,"href":"https:\/\/zszastavka.cz\/index.php?rest_route=\/wp\/v2\/media\/3010"}],"wp:attachment":[{"href":"https:\/\/zszastavka.cz\/index.php?rest_route=%2Fwp%2Fv2%2Fmedia&parent=3007"}],"wp:term":[{"taxonomy":"category","embeddable":true,"href":"https:\/\/zszastavka.cz\/index.php?rest_route=%2Fwp%2Fv2%2Fcategories&post=3007"},{"taxonomy":"post_tag","embeddable":true,"href":"https:\/\/zszastavka.cz\/index.php?rest_route=%2Fwp%2Fv2%2Ftags&post=3007"}],"curies":[{"name":"wp","href":"https:\/\/api.w.org\/{rel}","templated":true}]}}