{"id":28696,"date":"2026-09-01T16:47:59","date_gmt":"2026-09-01T14:47:59","guid":{"rendered":"https:\/\/zszastavka.cz\/?p=28696"},"modified":"2026-09-01T16:48:01","modified_gmt":"2026-09-01T14:48:01","slug":"doplnujici-volby-do-skolske-rady","status":"publish","type":"post","link":"https:\/\/zszastavka.cz\/?p=28696","title":{"rendered":"Dopl\u0148uj\u00edc\u00ed volby do \u0161kolsk\u00e9 rady"},"content":{"rendered":"\n<p class=\"wp-block-paragraph\">V\u00e1\u017een\u00ed rodi\u010de, z\u00e1konn\u00ed z\u00e1stupci, <\/p>\n\n\n\n<p class=\"wp-block-paragraph\">vzhledem k ukon\u010den\u00ed doch\u00e1zky \u017e\u00e1ka na\u0161\u00ed \u0161koly zanikl mand\u00e1t jednomu ze z\u00e1stupc\u016f rodi\u010d\u016f ve \u0160kolsk\u00e9 rad\u011b Z\u00e1kladn\u00ed \u0161koly a Mate\u0159sk\u00e9 \u0161koly T. G. Masaryka Zast\u00e1vka.<\/p>\n\n\n\n<p class=\"wp-block-paragraph\">Na z\u00e1klad\u011b \u00a7 167 odst. 4 z\u00e1kona 561\/2004 Sb. ve zn\u011bn\u00ed pozd\u011bj\u0161\u00edch p\u0159edpis\u016f a na z\u00e1klad\u011b usnesen\u00ed Zastupitelstva obce Zast\u00e1vka ze dne 18. 5. 2005 <strong>vyhla\u0161uji dopl\u0148uj\u00edc\u00ed volby do \u0161kolsk\u00e9 rady<\/strong> Z\u00e1kladn\u00ed \u0161koly a Mate\u0159sk\u00e9 \u0161koly T. G. Masaryka Zast\u00e1vka, p\u0159\u00edsp\u011bvkov\u00e1 organizace.<\/p>\n\n\n\n<p class=\"wp-block-paragraph\">Nov\u011b zvolen\u00fd z\u00e1stupce dopln\u00ed radu na zb\u00fdvaj\u00edc\u00ed \u010d\u00e1st st\u00e1vaj\u00edc\u00edho funk\u010dn\u00edho obdob\u00ed, tedy do 17. 6. 2027.<\/p>\n\n\n\n<!--more-->\n\n\n\n<hr class=\"wp-block-separator has-alpha-channel-opacity\"\/>\n\n\n\n<p class=\"wp-block-paragraph\"><strong>Harmonogram a pravidla voleb<\/strong><\/p>\n\n\n\n<p class=\"wp-block-paragraph\">Navrhov\u00e1n\u00ed kandid\u00e1t\u016f: sv\u00e9 n\u00e1vrhy na kandid\u00e1ty (m\u016f\u017eete navrhnout sebe, nebo jin\u00e9ho rodi\u010de \u017e\u00e1ka Z\u0160) zas\u00edlejte nejpozd\u011bji do p\u00e1tku 4.\u00a0z\u00e1\u0159\u00ed 2026. N\u00e1vrhy, pros\u00edm, pos\u00edlejte elektronicky prost\u0159ednictv\u00edm zpr\u00e1vy v syst\u00e9mu Bakal\u00e1\u0159i (Komens) \u0159editeli \u0161koly, nebo odevzdejte v ti\u0161t\u011bn\u00e9 podob\u011b v kancel\u00e1\u0159i \u0161koly. Ke ka\u017ed\u00e9mu navr\u017een\u00e9mu kandid\u00e1tovi je nutn\u00e9 dolo\u017eit jeho p\u00edsemn\u00fd souhlas s kandidaturou.<\/p>\n\n\n\n<p class=\"wp-block-paragraph\">Zve\u0159ejn\u011bn\u00ed kandid\u00e1t\u016f: seznam navr\u017een\u00fdch kandid\u00e1t\u016f bude zve\u0159ejn\u011bn na webu \u0161koly a v syst\u00e9mu Bakal\u00e1\u0159i dne 7.\u00a0z\u00e1\u0159\u00ed 2026.<\/p>\n\n\n\n<p class=\"has-white-color has-vivid-cyan-blue-background-color has-text-color has-background has-link-color has-small-font-size wp-elements-1 wp-block-paragraph\">Samotn\u00e9 volby: tajn\u00e9 hlasov\u00e1n\u00ed prob\u011bhne 14.\u00a0z\u00e1\u0159\u00ed 2026 osobn\u00edm vhozen\u00edm l\u00edstku do volebn\u00ed urny v budov\u011b \u0161koly v \u010dase od 8.30 do 16.30 hodin.<\/p>\n\n\n\n<p class=\"has-text-align-right wp-block-paragraph\"><em>Mgr. Petr Pe\u010denka, \u0159editel \u0161koly<\/em><\/p>\n","protected":false},"excerpt":{"rendered":"<p>V\u00e1\u017een\u00ed rodi\u010de, z\u00e1konn\u00ed z\u00e1stupci, vzhledem k ukon\u010den\u00ed doch\u00e1zky \u017e\u00e1ka na\u0161\u00ed \u0161koly zanikl mand\u00e1t jednomu ze z\u00e1stupc\u016f rodi\u010d\u016f ve \u0160kolsk\u00e9 rad\u011b Z\u00e1kladn\u00ed \u0161koly a Mate\u0159sk\u00e9 \u0161koly T. G. Masaryka Zast\u00e1vka. Na z\u00e1klad\u011b \u00a7 167 odst. 4 z\u00e1kona 561\/2004 Sb. ve zn\u011bn\u00ed pozd\u011bj\u0161\u00edch p\u0159edpis\u016f a na z\u00e1klad\u011b usnesen\u00ed Zastupitelstva obce Zast\u00e1vka ze dne 18. 5. 2005 vyhla\u0161uji&hellip;<\/p>\n","protected":false},"author":2,"featured_media":20300,"comment_status":"closed","ping_status":"closed","sticky":false,"template":"","format":"standard","meta":{"footnotes":""},"categories":[255,3,201],"tags":[30,202,67],"class_list":["post-28696","post","type-post","status-publish","format-standard","has-post-thumbnail","hentry","category-2026-2027","category-novinky","category-skolska-rada","tag-kalendar","tag-sr","tag-zs"],"_links":{"self":[{"href":"https:\/\/zszastavka.cz\/index.php?rest_route=\/wp\/v2\/posts\/28696","targetHints":{"allow":["GET"]}}],"collection":[{"href":"https:\/\/zszastavka.cz\/index.php?rest_route=\/wp\/v2\/posts"}],"about":[{"href":"https:\/\/zszastavka.cz\/index.php?rest_route=\/wp\/v2\/types\/post"}],"author":[{"embeddable":true,"href":"https:\/\/zszastavka.cz\/index.php?rest_route=\/wp\/v2\/users\/2"}],"replies":[{"embeddable":true,"href":"https:\/\/zszastavka.cz\/index.php?rest_route=%2Fwp%2Fv2%2Fcomments&post=28696"}],"version-history":[{"count":2,"href":"https:\/\/zszastavka.cz\/index.php?rest_route=\/wp\/v2\/posts\/28696\/revisions"}],"predecessor-version":[{"id":28698,"href":"https:\/\/zszastavka.cz\/index.php?rest_route=\/wp\/v2\/posts\/28696\/revisions\/28698"}],"wp:featuredmedia":[{"embeddable":true,"href":"https:\/\/zszastavka.cz\/index.php?rest_route=\/wp\/v2\/media\/20300"}],"wp:attachment":[{"href":"https:\/\/zszastavka.cz\/index.php?rest_route=%2Fwp%2Fv2%2Fmedia&parent=28696"}],"wp:term":[{"taxonomy":"category","embeddable":true,"href":"https:\/\/zszastavka.cz\/index.php?rest_route=%2Fwp%2Fv2%2Fcategories&post=28696"},{"taxonomy":"post_tag","embeddable":true,"href":"https:\/\/zszastavka.cz\/index.php?rest_route=%2Fwp%2Fv2%2Ftags&post=28696"}],"curies":[{"name":"wp","href":"https:\/\/api.w.org\/{rel}","templated":true}]}}