{"id":27688,"date":"2026-04-28T11:28:27","date_gmt":"2026-04-28T09:28:27","guid":{"rendered":"https:\/\/zszastavka.cz\/?p=27688"},"modified":"2026-04-28T11:28:29","modified_gmt":"2026-04-28T09:28:29","slug":"preruseni-provozu-ms-a-sd-o-prazdninach-3","status":"publish","type":"post","link":"https:\/\/zszastavka.cz\/?p=27688","title":{"rendered":"P\u0159eru\u0161en\u00ed provozu M\u0160 a \u0160D o pr\u00e1zdnin\u00e1ch"},"content":{"rendered":"\n<p>Po projedn\u00e1n\u00ed se z\u0159izovatelem jsem rozhodl, \u017ee provoz mate\u0159sk\u00e9 \u0161koly bude v dob\u011b letn\u00edch pr\u00e1zdnin p\u0159eru\u0161en v\u00a0obdob\u00ed <strong>od\u00a013.\u00a0\u010dervence 2026 do 31.\u00a0srpna 2026.<\/strong> Provoz \u0161koln\u00ed dru\u017einy bude p\u0159eru\u0161en v\u00a0obdob\u00ed <strong>od 29. 6. 2026 do 31. 8. 2026.<\/strong><\/p>\n\n\n\n<!--more-->\n\n\n\n<p>V\u00a0dob\u011b <strong>od 1. 7. 2026 do 10. 7. 2026<\/strong> bude provoz mate\u0159sk\u00e9 \u0161koly p\u0159izp\u016fsoben z\u00e1jmu o um\u00edst\u011bn\u00ed d\u011bt\u00ed. V\u00edce v\u00a0p\u0159ilo\u017een\u00e9m dokumentu.<\/p>\n\n\n\n<p class=\"has-text-align-right\"><em>Ing. Zden\u011bk strnad, \u0159editel \u0161koly<\/em><\/p>\n","protected":false},"excerpt":{"rendered":"<p>Po projedn\u00e1n\u00ed se z\u0159izovatelem jsem rozhodl, \u017ee provoz mate\u0159sk\u00e9 \u0161koly bude v dob\u011b letn\u00edch pr\u00e1zdnin p\u0159eru\u0161en v\u00a0obdob\u00ed od\u00a013.\u00a0\u010dervence 2026 do 31.\u00a0srpna 2026. Provoz \u0161koln\u00ed dru\u017einy bude p\u0159eru\u0161en v\u00a0obdob\u00ed od 29. 6. 2026 do 31. 8. 2026.<\/p>\n","protected":false},"author":3,"featured_media":532,"comment_status":"closed","ping_status":"closed","sticky":false,"template":"","format":"standard","meta":{"footnotes":""},"categories":[203,3,17],"tags":[64,199,77,70],"class_list":["post-27688","post","type-post","status-publish","format-standard","has-post-thumbnail","hentry","category-2024-2025","category-novinky","category-uredni-deska","tag-ms","tag-provoz","tag-sd","tag-uredni-deska"],"_links":{"self":[{"href":"https:\/\/zszastavka.cz\/index.php?rest_route=\/wp\/v2\/posts\/27688","targetHints":{"allow":["GET"]}}],"collection":[{"href":"https:\/\/zszastavka.cz\/index.php?rest_route=\/wp\/v2\/posts"}],"about":[{"href":"https:\/\/zszastavka.cz\/index.php?rest_route=\/wp\/v2\/types\/post"}],"author":[{"embeddable":true,"href":"https:\/\/zszastavka.cz\/index.php?rest_route=\/wp\/v2\/users\/3"}],"replies":[{"embeddable":true,"href":"https:\/\/zszastavka.cz\/index.php?rest_route=%2Fwp%2Fv2%2Fcomments&post=27688"}],"version-history":[{"count":1,"href":"https:\/\/zszastavka.cz\/index.php?rest_route=\/wp\/v2\/posts\/27688\/revisions"}],"predecessor-version":[{"id":27690,"href":"https:\/\/zszastavka.cz\/index.php?rest_route=\/wp\/v2\/posts\/27688\/revisions\/27690"}],"wp:featuredmedia":[{"embeddable":true,"href":"https:\/\/zszastavka.cz\/index.php?rest_route=\/wp\/v2\/media\/532"}],"wp:attachment":[{"href":"https:\/\/zszastavka.cz\/index.php?rest_route=%2Fwp%2Fv2%2Fmedia&parent=27688"}],"wp:term":[{"taxonomy":"category","embeddable":true,"href":"https:\/\/zszastavka.cz\/index.php?rest_route=%2Fwp%2Fv2%2Fcategories&post=27688"},{"taxonomy":"post_tag","embeddable":true,"href":"https:\/\/zszastavka.cz\/index.php?rest_route=%2Fwp%2Fv2%2Ftags&post=27688"}],"curies":[{"name":"wp","href":"https:\/\/api.w.org\/{rel}","templated":true}]}}