{"id":24365,"date":"2025-08-22T11:48:29","date_gmt":"2025-08-22T09:48:29","guid":{"rendered":"https:\/\/zszastavka.cz\/?p=24365"},"modified":"2025-08-22T17:14:06","modified_gmt":"2025-08-22T15:14:06","slug":"zahajeni-skolniho-roku","status":"publish","type":"post","link":"https:\/\/zszastavka.cz\/?p=24365","title":{"rendered":"Zah\u00e1jen\u00ed \u0161koln\u00edho roku \u2013 zm\u011bny"},"content":{"rendered":"\n<p>V\u00e1\u017een\u00ed z\u00e1konn\u00ed z\u00e1stupci,<\/p>\n\n\n\n<p>cht\u011bli bychom V\u00e1s informovat o zm\u011bn\u00e1ch v organizaci za\u010d\u00e1tku nov\u00e9ho \u0161koln\u00edho roku 2025\/2026. Tyto \u00fapravy jsou nezbytn\u00e9 kv\u016fli komplikac\u00edm spojen\u00fdm s prob\u00edhaj\u00edc\u00ed p\u0159\u00edstavbou hlavn\u00ed budovy \u0161koly.<\/p>\n\n\n\n<!--more-->\n\n\n\n<p class=\"has-vivid-red-color has-text-color has-link-color wp-elements-93a3854c496c190720629ad6bd1ff7f7\"><strong>Za\u010d\u00e1tek \u0161koln\u00edho roku pro jednotliv\u00e9 ro\u010dn\u00edky<\/strong><\/p>\n\n\n\n<p class=\"has-vivid-cyan-blue-color has-text-color has-link-color wp-elements-fdd2740563f28f66680d6ea70a9768f4\"><strong>\u017d\u00e1ci 1. a\u017e 5. ro\u010dn\u00edku<\/strong><\/p>\n\n\n\n<p>Pro \u017e\u00e1ky <strong>1. a\u017e 5. ro\u010dn\u00edku<\/strong> za\u010d\u00edn\u00e1 \u0161koln\u00ed rok tradi\u010dn\u011b <strong>v pond\u011bl\u00ed 1. z\u00e1\u0159\u00ed 2025 v&nbsp;8:00 hodin<\/strong>. Zah\u00e1jen\u00ed \u0161koln\u00edho roku prob\u011bhne p\u0159ed budovou CCV v&nbsp;zahrad\u011b \u0161koln\u00ed dru\u017einy.<\/p>\n\n\n\n<p class=\"has-pale-cyan-blue-color has-text-color has-link-color wp-elements-26075441abc5207c4e8f3fd7da16e1a2\"><strong>Do\u010dasn\u00e9 um\u00edst\u011bn\u00ed 3. ro\u010dn\u00edku<\/strong><\/p>\n\n\n\n<p>Ob\u011b t\u0159\u00eddy <strong>3. ro\u010dn\u00edku<\/strong> budou do\u010dasn\u011b um\u00edst\u011bny v budov\u011b <strong>Domu d\u011bt\u00ed a ml\u00e1de\u017ee Zast\u00e1vka<\/strong>, na adrese Kope\u010dky 115, Zast\u00e1vka. \u017d\u00e1ci zah\u00e1j\u00ed \u0161koln\u00ed rok <strong>spole\u010dn\u011b s&nbsp;ostatn\u00edmi t\u0159\u00eddami p\u0159ed budovou CCV v&nbsp;pond\u011bl\u00ed 1. z\u00e1\u0159\u00ed 2025 v&nbsp;8:00 hodin.<\/strong> N\u00e1sledn\u011b se s&nbsp;t\u0159\u00eddn\u00edmi u\u010ditelkami p\u0159esunou do budovy DDM. \u017d\u00e1ci budou v&nbsp;pr\u016fb\u011bhu \u0161koln\u00edho roku doch\u00e1zet do DDM samostatn\u011b. Informace o p\u0159\u00edpadn\u00fdch spole\u010dn\u00fdch odchodech a p\u0159\u00edchodech k&nbsp;budov\u011b z\u00e1kladn\u00ed \u0161koly obdr\u017e\u00edte 1. z\u00e1\u0159\u00ed 2025 od t\u0159\u00eddn\u00edch u\u010ditelek.<\/p>\n\n\n\n<p class=\"has-vivid-cyan-blue-color has-text-color has-link-color wp-elements-e273b0f55d01a88f6d873f2383adbc50\"><strong>\u017d\u00e1ci 6. a 9. ro\u010dn\u00edku<\/strong><\/p>\n\n\n\n<p>Pro \u017e\u00e1ky 6. a 9. ro\u010dn\u00edku za\u010d\u00edn\u00e1 \u0161koln\u00ed rok tradi\u010dn\u011b <strong>v pond\u011bl\u00ed 1. z\u00e1\u0159\u00ed 2025<\/strong>. Zah\u00e1jen\u00ed \u0161koln\u00edho roku prob\u011bhne <strong>na travnat\u00e9 plo\u0161e p\u0159ed budovou gymn\u00e1zia v&nbsp;8:30 hodin<\/strong>.<\/p>\n\n\n\n<p class=\"has-vivid-cyan-blue-color has-text-color has-link-color wp-elements-32e17a8c6965c563e5ebe3e5cd61674c\"><strong>\u017d\u00e1ci 7. a 8. ro\u010dn\u00edk\u016f<\/strong><\/p>\n\n\n\n<p>Vzhledem k prob\u00edhaj\u00edc\u00edm stavebn\u00edm prac\u00edm se vyhla\u0161uj\u00ed pro t\u0159\u00eddy <strong>7. a 8. ro\u010dn\u00edku 4 dny volna ve dnech 2. a\u017e 5. z\u00e1\u0159\u00ed 2025<\/strong>. \u017d\u00e1ci t\u011bchto ro\u010dn\u00edk\u016f <strong>se z\u00fa\u010dastn\u00ed 1. z\u00e1\u0159\u00ed 2025 zah\u00e1jen\u00ed \u0161koln\u00edho roku<\/strong> na travnat\u00e9 plo\u0161e p\u0159ed budovou gymn\u00e1zia v&nbsp;8:30 hodin, kde obdr\u017e\u00ed informace od t\u0159\u00eddn\u00edch u\u010ditel\u016f.V\u00fduku zah\u00e1j\u00ed v pond\u011bl\u00ed 8. z\u00e1\u0159\u00ed 2025.<\/p>\n\n\n\n<p class=\"has-luminous-vivid-orange-color has-text-color has-link-color wp-elements-ed1016cf44052553a412ef8b7cd376a9\"><strong>Provoz \u0161koln\u00ed dru\u017einy<\/strong><\/p>\n\n\n\n<p>\u010cinnosti \u0161koln\u00ed dru\u017einy se uveden\u00e1 opat\u0159en\u00ed nedotknou a jej\u00ed provoz bude zah\u00e1jen v\u00a0pln\u00e9m rozsahu od \u00fater\u00fd 2. z\u00e1\u0159\u00ed 2025.<\/p>\n\n\n\n<p><strong>Pro v\u0161echny \u017e\u00e1ky bude v\u00a0prvn\u00edm t\u00fddnu zkr\u00e1cena v\u00fduka dle pokyn\u016f t\u0159\u00eddn\u00edch u\u010ditel\u016f!<\/strong><\/p>\n\n\n\n<hr class=\"wp-block-separator has-alpha-channel-opacity\"\/>\n\n\n\n<h5 class=\"wp-block-heading\">Omluva za technick\u00e9 pot\u00ed\u017ee<\/h5>\n\n\n\n<p>R\u00e1di bychom se tak\u00e9 omluvili za do\u010dasn\u00e9 p\u0159eru\u0161en\u00ed provozu na\u0161ich webov\u00fdch str\u00e1nek a&nbsp;telefonick\u00e9ho spojen\u00ed, ke kter\u00e9mu do\u0161lo na za\u010d\u00e1tku srpna. D\u016fvodem bylo nepl\u00e1novan\u011b dlouh\u00e9 p\u0159eru\u0161en\u00ed dod\u00e1vky elektrick\u00e9 energie do budovy \u0161koly. Aktu\u00e1ln\u011b je ve\u0161ker\u00e9 spojen\u00ed s budovou z\u00e1kladn\u00ed \u0161koly obnoveno a webov\u00e9 str\u00e1nky \u0161koly jsou v&nbsp;provozu.<\/p>\n\n\n\n<p>D\u011bkujeme za pochopen\u00ed. V p\u0159\u00edpad\u011b jak\u00fdchkoli dotaz\u016f n\u00e1s nev\u00e1hejte kontaktovat.<\/p>\n\n\n\n<p class=\"has-text-align-right\">S pozdravem, veden\u00ed \u0161koly<\/p>\n","protected":false},"excerpt":{"rendered":"<p>V\u00e1\u017een\u00ed z\u00e1konn\u00ed z\u00e1stupci, cht\u011bli bychom V\u00e1s informovat o zm\u011bn\u00e1ch v organizaci za\u010d\u00e1tku nov\u00e9ho \u0161koln\u00edho roku 2025\/2026. Tyto \u00fapravy jsou nezbytn\u00e9 kv\u016fli komplikac\u00edm spojen\u00fdm s prob\u00edhaj\u00edc\u00ed p\u0159\u00edstavbou hlavn\u00ed budovy \u0161koly.<\/p>\n","protected":false},"author":1,"featured_media":24368,"comment_status":"closed","ping_status":"closed","sticky":false,"template":"","format":"standard","meta":{"footnotes":""},"categories":[228,5,3,17],"tags":[30,77,70,65,67],"class_list":["post-24365","post","type-post","status-publish","format-standard","has-post-thumbnail","hentry","category-2025-2026","category-kalendar-akci","category-novinky","category-uredni-deska","tag-kalendar","tag-sd","tag-uredni-deska","tag-vzdelavani","tag-zs"],"_links":{"self":[{"href":"https:\/\/zszastavka.cz\/index.php?rest_route=\/wp\/v2\/posts\/24365","targetHints":{"allow":["GET"]}}],"collection":[{"href":"https:\/\/zszastavka.cz\/index.php?rest_route=\/wp\/v2\/posts"}],"about":[{"href":"https:\/\/zszastavka.cz\/index.php?rest_route=\/wp\/v2\/types\/post"}],"author":[{"embeddable":true,"href":"https:\/\/zszastavka.cz\/index.php?rest_route=\/wp\/v2\/users\/1"}],"replies":[{"embeddable":true,"href":"https:\/\/zszastavka.cz\/index.php?rest_route=%2Fwp%2Fv2%2Fcomments&post=24365"}],"version-history":[{"count":4,"href":"https:\/\/zszastavka.cz\/index.php?rest_route=\/wp\/v2\/posts\/24365\/revisions"}],"predecessor-version":[{"id":24371,"href":"https:\/\/zszastavka.cz\/index.php?rest_route=\/wp\/v2\/posts\/24365\/revisions\/24371"}],"wp:featuredmedia":[{"embeddable":true,"href":"https:\/\/zszastavka.cz\/index.php?rest_route=\/wp\/v2\/media\/24368"}],"wp:attachment":[{"href":"https:\/\/zszastavka.cz\/index.php?rest_route=%2Fwp%2Fv2%2Fmedia&parent=24365"}],"wp:term":[{"taxonomy":"category","embeddable":true,"href":"https:\/\/zszastavka.cz\/index.php?rest_route=%2Fwp%2Fv2%2Fcategories&post=24365"},{"taxonomy":"post_tag","embeddable":true,"href":"https:\/\/zszastavka.cz\/index.php?rest_route=%2Fwp%2Fv2%2Ftags&post=24365"}],"curies":[{"name":"wp","href":"https:\/\/api.w.org\/{rel}","templated":true}]}}