{"id":24351,"date":"2025-07-22T17:05:24","date_gmt":"2025-07-22T15:05:24","guid":{"rendered":"https:\/\/zszastavka.cz\/?p=24351"},"modified":"2025-07-26T17:29:33","modified_gmt":"2025-07-26T15:29:33","slug":"slavnostni-zahajeni-skolniho-roku-3","status":"publish","type":"post","link":"https:\/\/zszastavka.cz\/?p=24351","title":{"rendered":"Slavnostn\u00ed zah\u00e1jen\u00ed \u0161koln\u00edho roku"},"content":{"rendered":"\n<p>Z\u00e1kladn\u00ed \u0161kola a Mate\u0159sk\u00e1 \u0161kola T.\u00a0G.\u00a0Masaryka Zast\u00e1vka, p\u0159\u00edsp\u011bvkov\u00e1 organizace sd\u011bluje z\u00e1konn\u00fdm z\u00e1stupc\u016fm a\u00a0\u017e\u00e1k\u016fm, \u017ee \u0161koln\u00ed rok 2025\/2026 za\u010d\u00edn\u00e1 v\u00a0<strong>pond\u011bl\u00ed 1. z\u00e1\u0159\u00ed 2025 .<\/strong> Slavnostn\u00ed z\u00e1hajen\u00ed prob\u011bhne v osm na travnat\u00e9 plo\u0161e p\u0159ed budovou gymn\u00e1zia (pozor, zm\u011bna z d\u016fvodu prob\u00edhaj\u00edc\u00ed stavby vyhrazena).<\/p>\n\n\n\n<!--more-->\n\n\n\n<p>V&nbsp;p\u0159\u00edpad\u011b nep\u0159\u00edzniv\u00e9ho po\u010das\u00ed bude program ve kmenov\u00fdch t\u0159\u00edd\u00e1ch \u0161koly. V\u00fduka potrv\u00e1 v tento den 1 a\u017e 2 hodiny. <strong>Rodi\u010de nov\u00fdch prv\u0148\u00e1\u010dk\u016f<\/strong> obdr\u017e\u00ed informace po slavnostn\u00edm zah\u00e1jen\u00ed ve t\u0159\u00edd\u00e1ch od t\u0159\u00eddn\u00edch u\u010ditelek.<\/p>\n\n\n\n<p class=\"has-white-color has-vivid-cyan-blue-background-color has-text-color has-background\"><strong>Provoz \u0161koln\u00ed dru\u017einy<\/strong> za\u010d\u00edn\u00e1 pro p\u0159ihl\u00e1\u0161en\u00e9 d\u011bti v \u00fater\u00fd 2. z\u00e1\u0159\u00ed 2025.<br>P\u0159ihl\u00e1\u0161ku si bude mo\u017en\u00e9 vyzvednout od vedouc\u00ed vychovatelky Mgr. M. Ku\u010derov\u00e9 1.\u00a0z\u00e1\u0159\u00ed 2025.<\/p>\n\n\n\n<p><strong>Stravov\u00e1n\u00ed zaji\u0161\u0165uje <a href=\"https:\/\/www.gzastavka.cz\/skolni-jidelna\/\" target=\"_blank\" rel=\"noreferrer noopener\">\u0161koln\u00ed j\u00eddelna gymn\u00e1zia<\/a>.<\/strong> Informace dostanete na telefonn\u00edm \u010d\u00edsle 546 429 241.<\/p>\n\n\n\n<p>Informace k pom\u016fck\u00e1m a pot\u0159eb\u00e1m \u017e\u00e1k\u016f pro jednotliv\u00e9 ro\u010dn\u00edky <a href=\"https:\/\/zszastavka.cz\/?p=23991\" data-type=\"post\" data-id=\"20376\" target=\"_blank\" rel=\"noreferrer noopener\">naleznete zde<\/a> a v rubrice <strong>Ke sta\u017een\u00ed\/Informace<\/strong>.<\/p>\n\n\n\n<p class=\"has-white-color has-vivid-red-background-color has-text-color has-background\">Mezi z\u00e1kladn\u00ed pot\u0159eby z\u00e1konn\u00fdch z\u00e1stupc\u016f pat\u0159\u00ed znalost <strong>u\u017eivatelsk\u00e9ho jm\u00e9na <\/strong>a <strong>hesla<\/strong> do informa\u010dn\u00edho syst\u00e9mu Bakal\u00e1\u0159i. Pro rok 2025\/2026 budou generov\u00e1na nov\u00e1 hesla do IS Bakal\u00e1\u0159i jen \u017e\u00e1k\u016fm a z\u00e1konn\u00fdm z\u00e1stupc\u016fm v prvn\u00edch t\u0159\u00edd\u00e1ch a nov\u011b nastupuj\u00edc\u00edm \u017e\u00e1k\u016fm z jin\u00fdch \u0161kol. P\u0159\u00edstupov\u00e9 \u00fadaje budou p\u0159ed\u00e1ny na prvn\u00ed t\u0159\u00eddn\u00ed sch\u016fzce 8. z\u00e1\u0159\u00ed 2025.<\/p>\n","protected":false},"excerpt":{"rendered":"<p>Z\u00e1kladn\u00ed \u0161kola a Mate\u0159sk\u00e1 \u0161kola T.\u00a0G.\u00a0Masaryka Zast\u00e1vka, p\u0159\u00edsp\u011bvkov\u00e1 organizace sd\u011bluje z\u00e1konn\u00fdm z\u00e1stupc\u016fm a\u00a0\u017e\u00e1k\u016fm, \u017ee \u0161koln\u00ed rok 2025\/2026 za\u010d\u00edn\u00e1 v\u00a0pond\u011bl\u00ed 1. z\u00e1\u0159\u00ed 2025 . Slavnostn\u00ed z\u00e1hajen\u00ed prob\u011bhne v osm na travnat\u00e9 plo\u0161e p\u0159ed budovou gymn\u00e1zia (pozor, zm\u011bna z d\u016fvodu prob\u00edhaj\u00edc\u00ed stavby vyhrazena).<\/p>\n","protected":false},"author":1,"featured_media":2988,"comment_status":"closed","ping_status":"closed","sticky":false,"template":"","format":"standard","meta":{"footnotes":""},"categories":[228,5,3],"tags":[78,30,65,67],"class_list":["post-24351","post","type-post","status-publish","format-standard","has-post-thumbnail","hentry","category-2025-2026","category-kalendar-akci","category-novinky","tag-jidelna","tag-kalendar","tag-vzdelavani","tag-zs"],"_links":{"self":[{"href":"https:\/\/zszastavka.cz\/index.php?rest_route=\/wp\/v2\/posts\/24351","targetHints":{"allow":["GET"]}}],"collection":[{"href":"https:\/\/zszastavka.cz\/index.php?rest_route=\/wp\/v2\/posts"}],"about":[{"href":"https:\/\/zszastavka.cz\/index.php?rest_route=\/wp\/v2\/types\/post"}],"author":[{"embeddable":true,"href":"https:\/\/zszastavka.cz\/index.php?rest_route=\/wp\/v2\/users\/1"}],"replies":[{"embeddable":true,"href":"https:\/\/zszastavka.cz\/index.php?rest_route=%2Fwp%2Fv2%2Fcomments&post=24351"}],"version-history":[{"count":1,"href":"https:\/\/zszastavka.cz\/index.php?rest_route=\/wp\/v2\/posts\/24351\/revisions"}],"predecessor-version":[{"id":24352,"href":"https:\/\/zszastavka.cz\/index.php?rest_route=\/wp\/v2\/posts\/24351\/revisions\/24352"}],"wp:featuredmedia":[{"embeddable":true,"href":"https:\/\/zszastavka.cz\/index.php?rest_route=\/wp\/v2\/media\/2988"}],"wp:attachment":[{"href":"https:\/\/zszastavka.cz\/index.php?rest_route=%2Fwp%2Fv2%2Fmedia&parent=24351"}],"wp:term":[{"taxonomy":"category","embeddable":true,"href":"https:\/\/zszastavka.cz\/index.php?rest_route=%2Fwp%2Fv2%2Fcategories&post=24351"},{"taxonomy":"post_tag","embeddable":true,"href":"https:\/\/zszastavka.cz\/index.php?rest_route=%2Fwp%2Fv2%2Ftags&post=24351"}],"curies":[{"name":"wp","href":"https:\/\/api.w.org\/{rel}","templated":true}]}}