{"id":23819,"date":"2025-05-07T11:37:03","date_gmt":"2025-05-07T09:37:03","guid":{"rendered":"https:\/\/zszastavka.cz\/?p=23819"},"modified":"2025-05-07T11:39:37","modified_gmt":"2025-05-07T09:39:37","slug":"statni-svatek-8-kvetna","status":"publish","type":"post","link":"https:\/\/zszastavka.cz\/?p=23819","title":{"rendered":"St\u00e1tn\u00ed sv\u00e1tek \u2013 8.\u00a0kv\u011btna"},"content":{"rendered":"\n<p>Ve \u010dtvrtek je st\u00e1tn\u00ed sv\u00e1tek \u2013 <strong>8.&nbsp;kv\u011btna \u2013 Den v\u00edt\u011bzstv\u00ed.<\/strong><\/p>\n\n\n\n<!--more-->\n\n\n\n<p>Na 8. kv\u011btna p\u0159ipad\u00e1 jedna z hlavn\u00edch ud\u00e1lost\u00ed historie nejen \u010cR ale i Evropy &#8211; ukon\u010den\u00ed 2. sv\u011btov\u00e9 v\u00e1lky v roce 1945.<\/p>\n\n\n\n<p>V tento den si nejen v \u010cesk\u00e9 republice p\u0159ipom\u00edn\u00e1me konec 2. sv\u011btov\u00e9 v\u00e1lky, za kter\u00fd se z pohledu historick\u00fdch pramen\u016f pova\u017euje kapitulace n\u011bmeck\u00fdch vojsk, vstoupiv\u0161\u00ed v platnost 8. kv\u011btna, ve 23:01 hodin st\u0159edoevropsk\u00e9ho \u010dasu.<\/p>\n\n\n\n<p><strong>Zdroje:<\/strong><\/p>\n\n\n\n<p><a href=\"https:\/\/www.youtube.com\/watch?v=Yv5CFjHQgbk\" target=\"_blank\" rel=\"noreferrer noopener\">https:\/\/www.youtube.com\/watch?v=Yv5CFjHQgbk<\/a>, <\/p>\n\n\n\n<figure class=\"wp-block-embed is-type-video is-provider-youtube wp-block-embed-youtube wp-embed-aspect-16-9 wp-has-aspect-ratio\"><div class=\"wp-block-embed__wrapper\">\n<iframe loading=\"lazy\" title=\"Kdy skute\u010dn\u011b je Den v\u00edt\u011bzstv\u00ed? (4K)\" width=\"640\" height=\"360\" src=\"https:\/\/www.youtube.com\/embed\/RS0--XyT_Ig?feature=oembed\" frameborder=\"0\" allow=\"accelerometer; autoplay; clipboard-write; encrypted-media; gyroscope; picture-in-picture; web-share\" referrerpolicy=\"strict-origin-when-cross-origin\" allowfullscreen><\/iframe>\n<\/div><\/figure>\n\n\n\n<p>\u010cTK<\/p>\n","protected":false},"excerpt":{"rendered":"<p>Ve \u010dtvrtek je st\u00e1tn\u00ed sv\u00e1tek \u2013 8.&nbsp;kv\u011btna \u2013 Den v\u00edt\u011bzstv\u00ed.<\/p>\n","protected":false},"author":1,"featured_media":23820,"comment_status":"closed","ping_status":"closed","sticky":false,"template":"","format":"standard","meta":{"footnotes":""},"categories":[5,3],"tags":[64,67],"class_list":["post-23819","post","type-post","status-publish","format-standard","has-post-thumbnail","hentry","category-kalendar-akci","category-novinky","tag-ms","tag-zs"],"_links":{"self":[{"href":"https:\/\/zszastavka.cz\/index.php?rest_route=\/wp\/v2\/posts\/23819","targetHints":{"allow":["GET"]}}],"collection":[{"href":"https:\/\/zszastavka.cz\/index.php?rest_route=\/wp\/v2\/posts"}],"about":[{"href":"https:\/\/zszastavka.cz\/index.php?rest_route=\/wp\/v2\/types\/post"}],"author":[{"embeddable":true,"href":"https:\/\/zszastavka.cz\/index.php?rest_route=\/wp\/v2\/users\/1"}],"replies":[{"embeddable":true,"href":"https:\/\/zszastavka.cz\/index.php?rest_route=%2Fwp%2Fv2%2Fcomments&post=23819"}],"version-history":[{"count":2,"href":"https:\/\/zszastavka.cz\/index.php?rest_route=\/wp\/v2\/posts\/23819\/revisions"}],"predecessor-version":[{"id":23822,"href":"https:\/\/zszastavka.cz\/index.php?rest_route=\/wp\/v2\/posts\/23819\/revisions\/23822"}],"wp:featuredmedia":[{"embeddable":true,"href":"https:\/\/zszastavka.cz\/index.php?rest_route=\/wp\/v2\/media\/23820"}],"wp:attachment":[{"href":"https:\/\/zszastavka.cz\/index.php?rest_route=%2Fwp%2Fv2%2Fmedia&parent=23819"}],"wp:term":[{"taxonomy":"category","embeddable":true,"href":"https:\/\/zszastavka.cz\/index.php?rest_route=%2Fwp%2Fv2%2Fcategories&post=23819"},{"taxonomy":"post_tag","embeddable":true,"href":"https:\/\/zszastavka.cz\/index.php?rest_route=%2Fwp%2Fv2%2Ftags&post=23819"}],"curies":[{"name":"wp","href":"https:\/\/api.w.org\/{rel}","templated":true}]}}