{"id":22472,"date":"2026-02-25T10:43:39","date_gmt":"2026-02-25T09:43:39","guid":{"rendered":"https:\/\/zszastavka.cz\/?p=22472"},"modified":"2026-02-25T10:43:42","modified_gmt":"2026-02-25T09:43:42","slug":"zapis-do-materske-skoly-5","status":"publish","type":"post","link":"https:\/\/zszastavka.cz\/?p=22472","title":{"rendered":"Z\u00e1pis do mate\u0159sk\u00e9 \u0161koly"},"content":{"rendered":"\n<p>Z\u00e1pis k\u00a0p\u0159ed\u0161koln\u00edmu vzd\u011bl\u00e1v\u00e1n\u00ed pro \u0161koln\u00ed rok 2026\/2027 prob\u011bhne v souladu s pr\u00e1vn\u00edmi p\u0159edpisy. Uskute\u010dn\u00ed se v\u00a0term\u00ednu dle \u0161kolsk\u00e9ho z\u00e1kona<strong> 7. dubna a 8. dubna 2026.<\/strong> Bli\u017e\u0161\u00ed informace v p\u0159\u00edloh\u00e1ch.<\/p>\n\n\n\n<!--more-->\n\n\n\n<figure class=\"wp-block-image size-full is-style-default\"><img loading=\"lazy\" decoding=\"async\" width=\"2560\" height=\"1810\" src=\"https:\/\/zszastavka.cz\/wp-content\/uploads\/2025\/03\/zapis-MS-2026-scaled.png\" alt=\"\" class=\"wp-image-26689\" style=\"object-fit:cover\" srcset=\"https:\/\/zszastavka.cz\/wp-content\/uploads\/2025\/03\/zapis-MS-2026-scaled.png 2560w, https:\/\/zszastavka.cz\/wp-content\/uploads\/2025\/03\/zapis-MS-2026-768x543.png 768w, https:\/\/zszastavka.cz\/wp-content\/uploads\/2025\/03\/zapis-MS-2026-1536x1086.png 1536w, https:\/\/zszastavka.cz\/wp-content\/uploads\/2025\/03\/zapis-MS-2026-2048x1448.png 2048w, https:\/\/zszastavka.cz\/wp-content\/uploads\/2025\/03\/zapis-MS-2026-340x240.png 340w\" sizes=\"auto, (max-width: 2560px) 100vw, 2560px\" \/><\/figure>\n\n\n\n<p class=\"has-white-color has-vivid-cyan-blue-background-color has-text-color has-background\">V\u00edce informac\u00ed naleznete v p\u0159ilo\u017een\u00e9m souboru <strong>Pokyny k z\u00e1pisu do mate\u0159sk\u00e9 \u0161koly.<\/strong><\/p>\n","protected":false},"excerpt":{"rendered":"<p>Z\u00e1pis k\u00a0p\u0159ed\u0161koln\u00edmu vzd\u011bl\u00e1v\u00e1n\u00ed pro \u0161koln\u00ed rok 2026\/2027 prob\u011bhne v souladu s pr\u00e1vn\u00edmi p\u0159edpisy. Uskute\u010dn\u00ed se v\u00a0term\u00ednu dle \u0161kolsk\u00e9ho z\u00e1kona 7. dubna a 8. dubna 2026. Bli\u017e\u0161\u00ed informace v p\u0159\u00edloh\u00e1ch.<\/p>\n","protected":false},"author":1,"featured_media":4189,"comment_status":"closed","ping_status":"closed","sticky":false,"template":"","format":"standard","meta":{"footnotes":""},"categories":[75,3,17],"tags":[30,64,70,101],"class_list":["post-22472","post","type-post","status-publish","format-standard","has-post-thumbnail","hentry","category-akce-v-ms","category-novinky","category-uredni-deska","tag-kalendar","tag-ms","tag-uredni-deska","tag-zapis"],"_links":{"self":[{"href":"https:\/\/zszastavka.cz\/index.php?rest_route=\/wp\/v2\/posts\/22472","targetHints":{"allow":["GET"]}}],"collection":[{"href":"https:\/\/zszastavka.cz\/index.php?rest_route=\/wp\/v2\/posts"}],"about":[{"href":"https:\/\/zszastavka.cz\/index.php?rest_route=\/wp\/v2\/types\/post"}],"author":[{"embeddable":true,"href":"https:\/\/zszastavka.cz\/index.php?rest_route=\/wp\/v2\/users\/1"}],"replies":[{"embeddable":true,"href":"https:\/\/zszastavka.cz\/index.php?rest_route=%2Fwp%2Fv2%2Fcomments&post=22472"}],"version-history":[{"count":3,"href":"https:\/\/zszastavka.cz\/index.php?rest_route=\/wp\/v2\/posts\/22472\/revisions"}],"predecessor-version":[{"id":26694,"href":"https:\/\/zszastavka.cz\/index.php?rest_route=\/wp\/v2\/posts\/22472\/revisions\/26694"}],"wp:featuredmedia":[{"embeddable":true,"href":"https:\/\/zszastavka.cz\/index.php?rest_route=\/wp\/v2\/media\/4189"}],"wp:attachment":[{"href":"https:\/\/zszastavka.cz\/index.php?rest_route=%2Fwp%2Fv2%2Fmedia&parent=22472"}],"wp:term":[{"taxonomy":"category","embeddable":true,"href":"https:\/\/zszastavka.cz\/index.php?rest_route=%2Fwp%2Fv2%2Fcategories&post=22472"},{"taxonomy":"post_tag","embeddable":true,"href":"https:\/\/zszastavka.cz\/index.php?rest_route=%2Fwp%2Fv2%2Ftags&post=22472"}],"curies":[{"name":"wp","href":"https:\/\/api.w.org\/{rel}","templated":true}]}}