{"id":21950,"date":"2025-02-18T12:00:00","date_gmt":"2025-02-18T11:00:00","guid":{"rendered":"https:\/\/zszastavka.cz\/?p=21950"},"modified":"2025-02-26T08:44:34","modified_gmt":"2025-02-26T07:44:34","slug":"pristavba-skoly","status":"publish","type":"post","link":"https:\/\/zszastavka.cz\/?p=21950","title":{"rendered":"N\u00e1stavba u\u010deben Z\u0160 Zast\u00e1vka"},"content":{"rendered":"\n<p>V&nbsp;pr\u016fb\u011bhu ledna byla zah\u00e1jena realizace p\u0159\u00edstavby budovy z\u00e1kladn\u00ed \u0161koly (<a href=\"https:\/\/zszastavka.cz\/?page_id=22041\">projekt Z\u00e1kladn\u00ed \u0161kola a Mate\u0159sk\u00e1 \u0161kola T.G. Masaryka Zast\u00e1vka, N\u00e1stavba u\u010deben<\/a>). Tato investi\u010dn\u00ed akce bude po cel\u00fd rok 2025 ovliv\u0148ovat provoz na\u0161\u00ed \u0161koly a bude kl\u00e1st vysok\u00e9 n\u00e1roky na dodr\u017eov\u00e1n\u00ed v\u0161ech organiza\u010dn\u00edch a bezpe\u010dnostn\u00edch pokyn\u016f ze strany \u017e\u00e1k\u016f, zam\u011bstnanc\u016f a n\u00e1v\u0161t\u011bvn\u00edk\u016f \u0161koly.<\/p>\n\n\n\n<!--more-->\n\n\n\n<p><strong>Aktualizov\u00e1no: bezpe\u010dnostn\u00ed informace a upozorn\u011bn\u00ed jako p\u0159\u00edloha p\u0159\u00edsp\u011bvku!<\/strong><\/p>\n\n\n\n<p>Aby byla zachov\u00e1na maxim\u00e1ln\u00ed bezpe\u010dnost va\u0161ich d\u011bt\u00ed i zam\u011bstnanc\u016f \u0161koly, budou od 13.&nbsp;ledna 2025 p\u0159ijata n\u00e1sleduj\u00edc\u00ed opat\u0159en\u00ed:<\/p>\n\n\n\n<ol class=\"wp-block-list has-small-font-size\">\n<li><strong>B\u011b\u017en\u011b \u017e\u00e1ky pou\u017e\u00edvan\u00fd vchod do budovy \u0161koly a \u0161aten bude uzav\u0159en.<\/strong><\/li>\n\n\n\n<li>Povolen\u00fdmi vstupy do are\u00e1lu \u0161koly budou br\u00e1na proti \u0161koln\u00ed kuchyni s navazuj\u00edc\u00edm chodn\u00edkem a br\u00e1na z&nbsp;ulice U \u0160koly.<\/li>\n\n\n\n<li>Bezpe\u010dn\u00fdm vchodem do budovy \u0161koly pro \u017e\u00e1ky, zam\u011bstnance i n\u00e1v\u0161t\u011bvn\u00edky bude p\u016fvodn\u00ed (historick\u00fd) vchod do budovy \u0161koly sm\u011brem od budovy gymn\u00e1zia.<\/li>\n\n\n\n<li><strong>\u017d\u00e1k\u016fm bude zak\u00e1z\u00e1n vstup do are\u00e1lu \u0161koly vjezdem pro vozidla a souvisej\u00edc\u00edm chodn\u00edkem.<\/strong><\/li>\n\n\n\n<li>\u017d\u00e1k\u016fm bude zak\u00e1z\u00e1n vstup do prostoru \u0161koln\u00edho dvora.<\/li>\n\n\n\n<li>\u017d\u00e1k\u016fm a zam\u011bstnanc\u016fm bude n\u00e1sledn\u011b zak\u00e1z\u00e1n pohyb ve vymezen\u00fdch a ozna\u010den\u00fdch prostor\u00e1ch v&nbsp;bezprost\u0159edn\u00ed bl\u00edzkosti \u0161koly.<\/li>\n<\/ol>\n\n\n\n<p>Byli jsme ubezpe\u010deni zhotovitelem, \u017ee pr\u00e1ce se bude sna\u017eit organizovat tak, aby co nejm\u00e9n\u011b naru\u0161ovaly v\u00fdchovn\u011b vzd\u011bl\u00e1vac\u00ed proces \u017e\u00e1k\u016f. Nelze v\u0161ak zcela vylou\u010dit, \u017ee v\u00a0pr\u016fb\u011bhu realizace bude nutno kr\u00e1tkodob\u011b p\u0159istoupit k\u00a0dal\u0161\u00edm organiza\u010dn\u00edm opat\u0159en\u00edm, o kter\u00fdch budete vy i \u017e\u00e1ci s\u00a0p\u0159edstihem informov\u00e1ni.<\/p>\n\n\n<a href=\"https:\/\/zszastavka.cz\/wp-content\/uploads\/2025\/01\/stavba.pdf\" class=\"pdfemb-viewer\" style=\"\" data-width=\"max\" data-height=\"max\" data-toolbar=\"bottom\" data-toolbar-fixed=\"on\">stavba<\/a>","protected":false},"excerpt":{"rendered":"<p>V&nbsp;pr\u016fb\u011bhu ledna byla zah\u00e1jena realizace p\u0159\u00edstavby budovy z\u00e1kladn\u00ed \u0161koly (projekt Z\u00e1kladn\u00ed \u0161kola a Mate\u0159sk\u00e1 \u0161kola T.G. Masaryka Zast\u00e1vka, N\u00e1stavba u\u010deben). Tato investi\u010dn\u00ed akce bude po cel\u00fd rok 2025 ovliv\u0148ovat provoz na\u0161\u00ed \u0161koly a bude kl\u00e1st vysok\u00e9 n\u00e1roky na dodr\u017eov\u00e1n\u00ed v\u0161ech organiza\u010dn\u00edch a bezpe\u010dnostn\u00edch pokyn\u016f ze strany \u017e\u00e1k\u016f, zam\u011bstnanc\u016f a n\u00e1v\u0161t\u011bvn\u00edk\u016f \u0161koly.<\/p>\n","protected":false},"author":1,"featured_media":21951,"comment_status":"closed","ping_status":"closed","sticky":true,"template":"","format":"standard","meta":{"footnotes":""},"categories":[203,5,3],"tags":[221,216,217,67],"class_list":["post-21950","post","type-post","status-publish","format-standard","has-post-thumbnail","hentry","category-2024-2025","category-kalendar-akci","category-novinky","tag-bezpecnost","tag-budova","tag-stavba","tag-zs"],"_links":{"self":[{"href":"https:\/\/zszastavka.cz\/index.php?rest_route=\/wp\/v2\/posts\/21950","targetHints":{"allow":["GET"]}}],"collection":[{"href":"https:\/\/zszastavka.cz\/index.php?rest_route=\/wp\/v2\/posts"}],"about":[{"href":"https:\/\/zszastavka.cz\/index.php?rest_route=\/wp\/v2\/types\/post"}],"author":[{"embeddable":true,"href":"https:\/\/zszastavka.cz\/index.php?rest_route=\/wp\/v2\/users\/1"}],"replies":[{"embeddable":true,"href":"https:\/\/zszastavka.cz\/index.php?rest_route=%2Fwp%2Fv2%2Fcomments&post=21950"}],"version-history":[{"count":6,"href":"https:\/\/zszastavka.cz\/index.php?rest_route=\/wp\/v2\/posts\/21950\/revisions"}],"predecessor-version":[{"id":22454,"href":"https:\/\/zszastavka.cz\/index.php?rest_route=\/wp\/v2\/posts\/21950\/revisions\/22454"}],"wp:featuredmedia":[{"embeddable":true,"href":"https:\/\/zszastavka.cz\/index.php?rest_route=\/wp\/v2\/media\/21951"}],"wp:attachment":[{"href":"https:\/\/zszastavka.cz\/index.php?rest_route=%2Fwp%2Fv2%2Fmedia&parent=21950"}],"wp:term":[{"taxonomy":"category","embeddable":true,"href":"https:\/\/zszastavka.cz\/index.php?rest_route=%2Fwp%2Fv2%2Fcategories&post=21950"},{"taxonomy":"post_tag","embeddable":true,"href":"https:\/\/zszastavka.cz\/index.php?rest_route=%2Fwp%2Fv2%2Ftags&post=21950"}],"curies":[{"name":"wp","href":"https:\/\/api.w.org\/{rel}","templated":true}]}}