{"id":20318,"date":"2024-06-14T13:14:52","date_gmt":"2024-06-14T11:14:52","guid":{"rendered":"https:\/\/zszastavka.cz\/?p=20318"},"modified":"2024-06-14T13:17:33","modified_gmt":"2024-06-14T11:17:33","slug":"uspechy-zaku-nasi-skoly","status":"publish","type":"post","link":"https:\/\/zszastavka.cz\/?p=20318","title":{"rendered":"\u00dasp\u011bchy \u017e\u00e1k\u016f na\u0161\u00ed \u0161koly"},"content":{"rendered":"\n<p>Ve druh\u00e9m pololet\u00ed \u0161koln\u00edho roku 2023\/2024 se \u017e\u00e1kyn\u011b a \u017e\u00e1ci Z\u00e1kladn\u00ed \u0161koly a Mate\u0159sk\u00e9 \u0161koly T. G. Masaryka Zast\u00e1vka \u00fasp\u011b\u0161n\u011b z\u00fa\u010dastnili n\u011bkolika sout\u011b\u017e\u00ed a kl\u00e1n\u00ed. D\u011bkujeme jim za vynikaj\u00edc\u00ed reprezentaci na\u0161\u00ed \u0161koly. V\u011b\u0159\u00edme, \u017ee v n\u00e1sleduj\u00edc\u00edch letech mohou z\u00edskan\u00e9 \u00fasp\u011bchy motivovat dal\u0161\u00ed vyu\u010duj\u00edc\u00ed i \u017e\u00e1ky k jejich n\u00e1podob\u011b.<br>P\u0159esto\u017ee c\u00edlem \u0161koly v p\u0159\u00edpad\u011b realizovan\u00fdch projekt\u016f nen\u00ed v\u00edt\u011bzstv\u00ed, ale p\u0159edev\u0161\u00edm p\u0159ed\u00e1n\u00ed zku\u0161enost\u00ed d\u011btem, snaha je nau\u010dit spolupr\u00e1ci a prohloubit jejich znalosti a uv\u011bdom\u011bn\u00ed si re\u00e1li\u00ed t\u00fdkaj\u00edc\u00edch se obsahu projekt\u016f, mus\u00edme p\u0159iznat, \u017ee n\u00e1s \u00fasp\u011bchy samoz\u0159ejm\u011b pot\u011b\u0161ily. Jsme na d\u011bti pat\u0159i\u010dn\u011b hrd\u00ed!<\/p>\n\n\n\n<!--more-->\n\n\n\n<p><strong><mark style=\"background-color:rgba(0, 0, 0, 0)\" class=\"has-inline-color has-vivid-red-color\">P\u0159\u00edb\u011bhy na\u0161ich soused\u016f ze Zast\u00e1vky<\/mark><\/strong><br>P\u0159\u00edb\u011bhy na\u0161ich soused\u016f ze Zast\u00e1vky boduj\u00ed ve sv\u011bt\u011b filmov\u00fdch dokument\u016f a p\u0159ehl\u00eddek animovan\u00fdch film\u016f d\u011btsk\u00fdch sc\u00e9n.<\/p>\n\n\n\n<figure class=\"wp-block-image size-full\"><img loading=\"lazy\" decoding=\"async\" width=\"1024\" height=\"768\" src=\"https:\/\/zszastavka.cz\/wp-content\/uploads\/2024\/06\/pribehy1.jpg\" alt=\"\" class=\"wp-image-20320\" srcset=\"https:\/\/zszastavka.cz\/wp-content\/uploads\/2024\/06\/pribehy1.jpg 1024w, https:\/\/zszastavka.cz\/wp-content\/uploads\/2024\/06\/pribehy1-768x576.jpg 768w\" sizes=\"auto, (max-width: 1024px) 100vw, 1024px\" \/><\/figure>\n\n\n\n<p>Projekt P\u0159\u00edb\u011bhy na\u0161ich soused\u016f nen\u00ed \u00faplnou novinkou, ve \u0161kol\u00e1ch p\u016fsob\u00ed v\u00edce ne\u017e dv\u011b dek\u00e1dy. V lo\u0148sk\u00e9m \u0161koln\u00edm roce jsme se zapojili i my, \u017e\u00e1ci Z\u0160 a M\u0160 T. G. Masaryka Zast\u00e1vka. Dva pracovn\u00ed t\u00fdmy osm\u00e1k\u016f se v\u011bnovali p\u0159\u00edb\u011bh\u016fm pam\u011btn\u00edk\u016f \u00e9ry \u010ceskoslovenska 50. a\u017e 80. let 20. stolet\u00ed. Hlavn\u00edmi protagonisty jejich projektu se staly \u010dlenov\u00e9 rodin, d\u011bde\u010dkov\u00e9, pan Josef H\u00e1jek z P\u0159\u00edbrami na Morav\u011b a pan Ing. Pavel Jahn ze Zast\u00e1vky. Jako pracovn\u00ed metodu si d\u011bti zvolily formu audioreport\u00e1\u017ee a techniku animace. A\u010dkoliv to vypadalo, zejm\u00e9na pro anima\u010dn\u00ed t\u00fdm, skoro nezvl\u00e1dnuteln\u011b, v\u0161e nakonec \u201eklaplo\u201c a v \u010dervnu 2023 se pr\u00e1ce d\u011bt\u00ed, kr\u00e1tk\u00fd animovan\u00fd film Pavel Jahn Kr\u016f\u010dky \u017eivotem p\u0159edstavil ve Velk\u00e9m k\u0159i\u0161\u0165\u00e1lov\u00e9m s\u00e1le Star\u00e9 radnice Brno. V\u0161e za p\u0159\u00edtomnosti z\u00e1stupc\u016f Magistr\u00e1tu m\u011bsta Brna, \u0159editele Institutu Pam\u011bti n\u00e1roda, pobo\u010dka Ji\u017en\u00ed Morava, \u010dlen\u016f odborn\u00e9 poroty a ve\u0159ejnosti. I zde musely d\u011bti znovu p\u0159edstavit svou pr\u00e1ci, popsat p\u0159\u00edb\u011bh sv\u00e9ho pam\u011btn\u00edka a z\u00e1rove\u0148 mu pod\u011bkovat za ochotu pod\u011blit se o sv\u016fj \u017eivotn\u00ed p\u0159\u00edb\u011bh. P\u0159\u00edb\u011bh filmu Pavel Jahn Kr\u016f\u010dky ov\u0161em zdaleka nekon\u010d\u00ed. Naopak. Studio Scala, anim\u00e1torka pan\u00ed Martina Chaloupkov\u00e1, se rozhodly zapsat film do n\u011bkolika sout\u011b\u017en\u00edch p\u0159ehl\u00eddek a postupov\u00fdch kol na krajsk\u00e9 i celost\u00e1tn\u00ed \u00farovni. Proto n\u00e1s velmi pot\u011b\u0161ilo, \u017ee nap\u0159. v\u00a0region\u00e1ln\u00ed p\u0159ehl\u00eddce film\u016f Zlat\u00e9 slunce Brno 2024 sn\u00edmek z\u00edskal 1.\u00a0m\u00edsto a pr\u00e1vo postupu na republikovou celost\u00e1tn\u00ed p\u0159ehl\u00eddku \u010cesk\u00e9 vize 2024 a nab\u00eddku zapojit se do tv\u016fr\u010d\u00edch d\u00edlen a workshop\u016f v \u00dast\u00ed nad Orlic\u00ed. Rovn\u011b\u017e jsme spokojen\u00ed s \u010cestn\u00fdm uzn\u00e1n\u00edm z filmov\u00e9 sout\u011b\u017ee Prima sez\u00f3na z N\u00e1choda. Blahop\u0159ejeme \u00fasp\u011b\u0161n\u00fdm anim\u00e1tor\u016fm a dr\u017e\u00edme palce p\u0159i \u010dervnov\u00e9 sout\u011b\u017ei. Projekt P\u0159\u00edb\u011bhy na\u0161ich soused\u016f je pro pr\u00e1ci \u017e\u00e1kovsk\u00fdch t\u00fdm\u016f pom\u011brn\u011b specifick\u00fd a vy\u017eaduje velkou \u010dasovou n\u00e1ro\u010dnost, trp\u011blivost a pracovitost. Rovn\u011b\u017e logisticky a organiza\u010dn\u011b nejde o jednoduchou z\u00e1le\u017eitost, je t\u0159eba po\u010d\u00edtat s velk\u00fdm nasazen\u00edm nad r\u00e1mec povinnost\u00ed \u017e\u00e1ka\/pedagoga oproti b\u011b\u017en\u00e9mu re\u017eimu \u0161koly. \u017d\u00e1ci se v\u0161ak mohou dostat k nov\u00fdm technologi\u00edm, form\u00e1m a metod\u00e1m pr\u00e1ce, nav\u0161t\u00edvit m\u00edsta, kter\u00e1 by jinak nepoznali. Vysokou osobn\u00ed odm\u011bnou pak b\u00fdv\u00e1 samoz\u0159ejm\u011b i \u010das str\u00e1ven\u00fd s pam\u011btn\u00edkem a v\u011bnovan\u00fd pr\u00e1v\u011b jeho \u017eivotn\u00edmu p\u0159\u00edb\u011bhu, jej\u017e se pokou\u0161ej\u00ed t\u00fdmy zaznamenat a p\u0159edat do archivu pam\u011btnick\u00fdch p\u0159\u00edb\u011bh\u016f Post Bellum Pam\u011b\u0165 n\u00e1roda. V na\u0161em konkr\u00e9tn\u00edm p\u0159\u00edpad\u011b pak jde i o v\u00fdrazn\u00fd \u00fasp\u011bch na poli animovan\u00e9 tvorby a ocen\u011bn\u00ed v sekci filmu pro ml\u00e1de\u017e. Pod\u011bkov\u00e1n\u00ed rovn\u011b\u017e pat\u0159\u00ed i pan\u00ed anim\u00e1torce Martin\u011b Chaloupkov\u00e9 a Studio Scala Brno za odvahui chu\u0165 p\u0159ihl\u00e1sit sn\u00edmek Pavel Jahn Kr\u016f\u010dky \u017eivotem do sout\u011b\u017e\u00ed a p\u0159ehl\u00eddek.<\/p>\n\n\n\n<p class=\"has-text-align-right\"><em>V\u00e1clava Pe\u010denkov\u00e1<\/em><\/p>\n\n\n\n<hr class=\"wp-block-separator has-alpha-channel-opacity\"\/>\n\n\n\n<p><strong><mark style=\"background-color:rgba(0, 0, 0, 0)\" class=\"has-inline-color has-vivid-red-color\">Olympi\u00e1da Kahanu<\/mark><\/strong><br>Dne 22. 5. 2024 reprezentovali na\u0161i \u0161kolu \u017e\u00e1ci 1.\u00a0stupn\u011b na sportovn\u00ed olympi\u00e1d\u011b Kahanu.<\/p>\n\n\n\n<figure class=\"wp-block-image size-large\"><img loading=\"lazy\" decoding=\"async\" width=\"1024\" height=\"720\" src=\"https:\/\/zszastavka.cz\/wp-content\/uploads\/2024\/06\/kahan_olymp3-1024x720.jpg\" alt=\"\" class=\"wp-image-20321\" srcset=\"https:\/\/zszastavka.cz\/wp-content\/uploads\/2024\/06\/kahan_olymp3-1024x720.jpg 1024w, https:\/\/zszastavka.cz\/wp-content\/uploads\/2024\/06\/kahan_olymp3-340x240.jpg 340w\" sizes=\"auto, (max-width: 1024px) 100vw, 1024px\" \/><\/figure>\n\n\n\n<p>Vytvo\u0159ili jsme dv\u011b dru\u017estva a ka\u017ed\u00e9 m\u011blo deset \u010dlen\u016f, vybr\u00e1ni byli \u017e\u00e1ci od druh\u00e9 do p\u00e1t\u00e9 t\u0159\u00eddy. Sportovn\u00ed kl\u00e1n\u00ed se uskute\u010dnilo na stadionu v \u0158\u00ed\u010danech. Discipl\u00edny byly r\u016fznorod\u00e9 a s n\u011bkter\u00fdmi se \u017e\u00e1ci setkali \u00fapln\u011b poprv\u00e9. Nejv\u011bt\u0161\u00edm<br>o\u0159\u00ed\u0161kem byla pro na\u0161e dru\u017estva ch\u016fze na ch\u016fd\u00e1ch. T\u011b\u0161ili se na st\u0159elbu ze vzduchovky a st\u0159elbu na br\u00e1nu. Zn\u00e1m\u00fdmi<br>discipl\u00ednami byly sk\u00e1k\u00e1n\u00ed p\u0159es \u0161vihadlo a hody na basketbalov\u00fd ko\u0161. Svoji zru\u010dnost \u017e\u00e1ci p\u0159edvedli p\u0159i h\u00e1zen\u00ed krou\u017ek\u016f na ty\u010d, ch\u016fzi s m\u00ed\u010dem na ty\u010d\u00edchp\u0159es p\u0159ek\u00e1\u017ekovou dr\u00e1hu, h\u00e1zen\u00ed m\u00ed\u010dk\u016f na c\u00edl a p\u0159i shazov\u00e1n\u00ed ku\u017eelek. Dob\u0159e se n\u00e1m vedlo p\u0159i \u010dlunkov\u00e9m b\u011bhu. Atmosf\u00e9ra na z\u00e1vodech byla v\u00fdborn\u00e1, bylo pro n\u00e1s p\u0159ipraveno i mal\u00e9 ob\u010derstven\u00ed. P\u0159i z\u00e1vodech jsme uk\u00e1zali svoji bojovnost a odhodl\u00e1n\u00ed. Povzbuzovalo n\u00e1s n\u011bkolik \u017e\u00e1k\u016f, kte\u0159\u00ed n\u00e1s doprov\u00e1zeli a byli n\u00e1m psychickou oporou. Poda\u0159ilo se n\u00e1m prok\u00e1zat, \u017ee um\u00edme spolupracovat, podpo\u0159it kamar\u00e1dy, bojovat \u010destn\u011b a s velk\u00fdm nasazen\u00edm. Mnoz\u00ed podali v\u00fdkon, kter\u00fd vzbudil obdiv v\u0161ech sleduj\u00edc\u00edch. Sko\u010dit p\u0159es \u0161vihadlo 140 skok\u016f za minutu byl opravdu rekord! Dru\u017estvo A obsadilo druh\u00e9 m\u00edsto a dru\u017estvo B m\u00edsto t\u0159et\u00ed. Prvn\u00ed m\u00edsto obsadilo dru\u017estvo z \u0158\u00ed\u010dan, co\u017e byla po\u0159\u00e1daj\u00edc\u00ed \u0161kola. Pot\u011b\u0161il n\u00e1s v\u00edt\u011bzn\u00fd poh\u00e1r, medaile a v\u011bcn\u00e9 odm\u011bny. U\u017e se t\u011b\u0161\u00edme na dal\u0161\u00ed podobnou akci.<\/p>\n\n\n\n<p class=\"has-text-align-right\"><em>Hana Pal\u00e1nov\u00e1<\/em><\/p>\n\n\n\n<hr class=\"wp-block-separator has-alpha-channel-opacity\"\/>\n\n\n\n<p><strong><mark style=\"background-color:rgba(0, 0, 0, 0)\" class=\"has-inline-color has-vivid-red-color\">Prvn\u00ed m\u00edsto ve v\u00fdtvarn\u00e9 sout\u011b\u017ei \u010cern\u00fd Petr z Terez\u00edna<\/mark><\/strong><br>V n\u00e1vaznosti na Mezin\u00e1rodn\u00ed den pam\u00e1tky ob\u011bt\u00ed holocaustu a p\u0159edch\u00e1zen\u00ed zlo\u010din\u016fm proti lidskosti vyhl\u00e1sila \u017didovsk\u00e1 obec Brno a centrum \u017eidovsk\u00e9 kultury \u0160TETL ve spolupr\u00e1ci se Z\u00e1kladn\u00ed um\u011bleckou \u0161kolou Brno, Smetanova 8 v\u00fdtvarnou sout\u011b\u017e na vytvo\u0159en\u00ed n\u00e1vrhu chyb\u011bj\u00edc\u00ed karty k s\u00e9rii hry \u010cern\u00fd Petr, kterou z koncentra\u010dn\u00edho t\u00e1bora Terez\u00edn p\u0159ivezl p\u0159e\u017eiv\u0161\u00ed holocaustu Petr Haimann.<\/p>\n\n\n\n<figure class=\"wp-block-image size-large\"><img loading=\"lazy\" decoding=\"async\" width=\"1024\" height=\"1024\" src=\"https:\/\/zszastavka.cz\/wp-content\/uploads\/2024\/06\/cerny_petr-1024x1024.jpg\" alt=\"\" class=\"wp-image-20322\" srcset=\"https:\/\/zszastavka.cz\/wp-content\/uploads\/2024\/06\/cerny_petr-1024x1024.jpg 1024w, https:\/\/zszastavka.cz\/wp-content\/uploads\/2024\/06\/cerny_petr-300x300.jpg 300w, https:\/\/zszastavka.cz\/wp-content\/uploads\/2024\/06\/cerny_petr-150x150.jpg 150w\" sizes=\"auto, (max-width: 1024px) 100vw, 1024px\" \/><\/figure>\n\n\n\n<p>Technikou kolorovan\u00e9 kresby m\u011bly d\u011bti a ml\u00e1de\u017e ve v\u011bku 6\u201318 let ztv\u00e1rnit kartu s motivem ze sou\u010dasnosti jako paralelu terez\u00ednsk\u00fdch d\u011bt\u00ed unikaj\u00edc\u00edch v my\u0161lenk\u00e1ch z drsn\u00e9 reality do sv\u011bta fantazie. Sout\u011b\u017ee se z\u00fa\u010dastnili \u017e\u00e1ci 113 z\u00e1kladn\u00edch, st\u0159edn\u00edch a um\u011bleck\u00fdch \u0161kol. V t\u00e9to konkurenci zv\u00edt\u011bzila nejen ve sv\u00e9 kategorii (12\u201314 let), ale i celkov\u011b \u017e\u00e1kyn\u011b Z\u0160 Zast\u00e1vka Kate\u0159ina \u0160oukalov\u00e1. Jej\u00ed n\u00e1vrh z hodin v\u00fdtvarn\u00e9 v\u00fdchovy bude n\u00e1sledn\u011b pou\u017eit na tisk kompletn\u00ed sady t\u00e9to karetn\u00ed hry. Da\u0159ilo se i Kate\u0159in\u011b Jandov\u00e9 a Tereze Leng\u00e1lov\u00e9, jejich v\u00fdtvarn\u00e9 pr\u00e1ce obst\u00e1ly v hlasov\u00e1n\u00ed ve\u0159ejnosti. Vyhl\u00e1\u0161en\u00ed sout\u011b\u017ee prost\u0159ednictv\u00edm m\u00e9di\u00ed prob\u011bhlo v p\u00e1tek 31.\u00a0kv\u011btna 2024. V\u00fdstava nejlep\u0161\u00edch prac\u00ed bude zah\u00e1jena 31.\u00a0srpna 2024 v Caf\u00e9 Pam\u011bti n\u00e1roda na Radnick\u00e9 ulici v Brn\u011b v r\u00e1mci t\u0159et\u00edho ro\u010dn\u00edku mezin\u00e1rodn\u00edho festivalu \u017eidovsk\u00e9 kultury \u0160TETL FEST spole\u010dn\u011b s retrospektivn\u00ed v\u00fdstavou Petra Haimanna zahrnuj\u00edc\u00ed nejen jeho d\u011btsk\u00e9 kresby z Terez\u00edna. Katce pat\u0159\u00ed srde\u010dn\u00e9 gratulace a p\u0159\u00e1n\u00ed mnoha dal\u0161\u00edch \u00fasp\u011bch\u016f.<\/p>\n\n\n\n<p class=\"has-text-align-right\"><em>Zde\u0148ka Dvo\u0159\u00e1kov\u00e1<\/em><\/p>\n\n\n\n<hr class=\"wp-block-separator has-alpha-channel-opacity\"\/>\n\n\n\n<p><strong><mark style=\"background-color:rgba(0, 0, 0, 0)\" class=\"has-inline-color has-vivid-red-color\">Srdce s l\u00e1skou darovan\u00e9<\/mark><\/strong><br>V m\u011bs\u00edci lednu jsme se s na\u0161\u00ed t\u0159\u00eddou rozhodli zapojit do celorepublikov\u00e9 sout\u011b\u017ee nazvan\u00e9 Srdce s l\u00e1skou darovan\u00e9. Smyslem projektu je stmelen\u00ed kolektivu, kter\u00fd mus\u00ed uk\u00e1zat, \u017ee um\u00ed t\u00e1hnout za jeden provaz, domluvit se a spolupracovat.<\/p>\n\n\n\n<figure class=\"wp-block-image size-large\"><img loading=\"lazy\" decoding=\"async\" width=\"1024\" height=\"1024\" src=\"https:\/\/zszastavka.cz\/wp-content\/uploads\/2024\/06\/Srdce-PS-PCR-1024x1024.jpg\" alt=\"\" class=\"wp-image-20323\" srcset=\"https:\/\/zszastavka.cz\/wp-content\/uploads\/2024\/06\/Srdce-PS-PCR-1024x1024.jpg 1024w, https:\/\/zszastavka.cz\/wp-content\/uploads\/2024\/06\/Srdce-PS-PCR-300x300.jpg 300w, https:\/\/zszastavka.cz\/wp-content\/uploads\/2024\/06\/Srdce-PS-PCR-150x150.jpg 150w\" sizes=\"auto, (max-width: 1024px) 100vw, 1024px\" \/><\/figure>\n\n\n\n<p>Jeliko\u017e k n\u00e1m do t\u0159\u00eddy v tomto obdob\u00ed p\u0159i\u0161la nov\u00e1 spolu\u017ea\u010dka Ad\u00e9lka z d\u011btsk\u00e9ho domova, n\u00e1m\u011bt na\u0161\u00ed pr\u00e1ce byl jasn\u00fd: Srdce s l\u00e1skou darovan\u00e9 Ad\u00e9lce a v\u0161em d\u011btem z d\u011btsk\u00fdch domov\u016f. Upletli jsme si n\u00e1ramky p\u0159\u00e1telstv\u00ed, vyrobili velik\u00fd srd\u00ed\u010dkov\u00fd strom, nazp\u00edvali p\u00edsni\u010dku s vlastn\u00edm textem a napsali doprovodn\u00fd text k na\u0161\u00ed pr\u00e1ci. V\u0161e jsme poctiv\u011b  dokumentovali a nat\u00e1\u010deli, abychom mohli vytvo\u0159it z\u00e1v\u011bre\u010dnou prezentaci. Projekt jsme pak v b\u0159eznu odeslali a netrp\u011bliv\u011b o\u010dek\u00e1vali rozhodnut\u00ed odborn\u00e9 poroty. V pond\u011bl\u00ed 6. kv\u011btna 2024 p\u0159i\u0161la do na\u0161\u00ed t\u0159\u00eddy v doprovodu pan\u00ed u\u010ditelky Fabi\u00e1nkov\u00e9 i pan\u00ed Simona Kl\u00edmov\u00e1, kter\u00e1 n\u00e1m se v\u0161\u00edm pom\u00e1hala, a \u0159editel \u0161koly. V\u0161ichni se tv\u00e1\u0159ili tajemn\u011b. Najednou <br>jsme z \u00fast pana \u0159editele usly\u0161eli v\u011btu: \u201eV kategorii 3.\u20139. t\u0159\u00edd z\u00e1kladn\u00edch \u0161kol jste vy, na\u0161i t\u0159e\u0165\u00e1\u010dci, po rozhodnut\u00ed odborn\u00e9 poroty obsadili prvn\u00ed m\u00edsto. Odm\u011bny, ocen\u011bn\u00ed a certifik\u00e1t pro \u0161kolu osobn\u011b p\u0159evezmete v Poslaneck\u00e9 sn\u011bmovn\u011b P\u010cR v Praze.\u201c N\u00e1sledovala oslava, do\u0161lo i na konfety, \u0161ampa\u0148sk\u00e9, j\u00e1sot a telefon\u00e1ty dom\u016f \u2013 abychom se pod\u011blili o tento obrovsk\u00fd \u00fasp\u011bch s rodi\u010di.  V pond\u011bl\u00ed 10. \u010dervna 2024 p\u0159i\u0161el den D. D\u011bkujeme panu \u0159idi\u010di, kter\u00fd n\u00e1s v po\u0159\u00e1dku dovezl a\u017e k poslaneck\u00e9 sn\u011bmovn\u011b. Cel\u00fd v\u00fdlet byl jeden velik\u00fd z\u00e1\u017eitek \u2013 Praha, poslaneck\u00e1 sn\u011bmovna, nazdoben\u00fd s\u00e1l, raut, v\u00fdznamn\u00e9 osobnosti, pro ka\u017ed\u00e9ho ze t\u0159\u00eddy n\u011bkolik odm\u011bn. Jsme vd\u011b\u010dn\u00ed v\u0161em, kdo n\u00e1m dr\u017eeli p\u011bsti a podporovali n\u00e1s. D\u011bkujeme veden\u00ed obce a \u0161koly, pan\u00ed Dagmar Kup\u010d\u00edkov\u00e9 za hudebn\u00ed doprovod a panu u\u010diteli V\u00e1clavu Schreiberovi za prezentaci.<\/p>\n\n\n\n<p class=\"has-text-align-right\"><em>III.\u00a0B, Romana Fabi\u00e1nkov\u00e1, Simona Kl\u00edmov\u00e1<\/em><\/p>\n\n\n\n<ol class=\"wp-block-list\" start=\"31\"><\/ol>\n\n\n\n<ol class=\"wp-block-list\"><\/ol>\n\n\n\n<ol class=\"wp-block-list\"><\/ol>\n","protected":false},"excerpt":{"rendered":"<p>Ve druh\u00e9m pololet\u00ed \u0161koln\u00edho roku 2023\/2024 se \u017e\u00e1kyn\u011b a \u017e\u00e1ci Z\u00e1kladn\u00ed \u0161koly a Mate\u0159sk\u00e9 \u0161koly T. G. Masaryka Zast\u00e1vka \u00fasp\u011b\u0161n\u011b z\u00fa\u010dastnili n\u011bkolika sout\u011b\u017e\u00ed a kl\u00e1n\u00ed. D\u011bkujeme jim za vynikaj\u00edc\u00ed reprezentaci na\u0161\u00ed \u0161koly. V\u011b\u0159\u00edme, \u017ee v n\u00e1sleduj\u00edc\u00edch letech mohou z\u00edskan\u00e9 \u00fasp\u011bchy motivovat dal\u0161\u00ed vyu\u010duj\u00edc\u00ed i \u017e\u00e1ky k jejich n\u00e1podob\u011b.P\u0159esto\u017ee c\u00edlem \u0161koly v p\u0159\u00edpad\u011b realizovan\u00fdch projekt\u016f nen\u00ed&hellip;<\/p>\n","protected":false},"author":2,"featured_media":20324,"comment_status":"closed","ping_status":"closed","sticky":false,"template":"","format":"standard","meta":{"footnotes":""},"categories":[170,90,3],"tags":[67],"class_list":["post-20318","post","type-post","status-publish","format-standard","has-post-thumbnail","hentry","category-2023-2024","category-aktualne","category-novinky","tag-zs"],"_links":{"self":[{"href":"https:\/\/zszastavka.cz\/index.php?rest_route=\/wp\/v2\/posts\/20318","targetHints":{"allow":["GET"]}}],"collection":[{"href":"https:\/\/zszastavka.cz\/index.php?rest_route=\/wp\/v2\/posts"}],"about":[{"href":"https:\/\/zszastavka.cz\/index.php?rest_route=\/wp\/v2\/types\/post"}],"author":[{"embeddable":true,"href":"https:\/\/zszastavka.cz\/index.php?rest_route=\/wp\/v2\/users\/2"}],"replies":[{"embeddable":true,"href":"https:\/\/zszastavka.cz\/index.php?rest_route=%2Fwp%2Fv2%2Fcomments&post=20318"}],"version-history":[{"count":4,"href":"https:\/\/zszastavka.cz\/index.php?rest_route=\/wp\/v2\/posts\/20318\/revisions"}],"predecessor-version":[{"id":20328,"href":"https:\/\/zszastavka.cz\/index.php?rest_route=\/wp\/v2\/posts\/20318\/revisions\/20328"}],"wp:featuredmedia":[{"embeddable":true,"href":"https:\/\/zszastavka.cz\/index.php?rest_route=\/wp\/v2\/media\/20324"}],"wp:attachment":[{"href":"https:\/\/zszastavka.cz\/index.php?rest_route=%2Fwp%2Fv2%2Fmedia&parent=20318"}],"wp:term":[{"taxonomy":"category","embeddable":true,"href":"https:\/\/zszastavka.cz\/index.php?rest_route=%2Fwp%2Fv2%2Fcategories&post=20318"},{"taxonomy":"post_tag","embeddable":true,"href":"https:\/\/zszastavka.cz\/index.php?rest_route=%2Fwp%2Fv2%2Ftags&post=20318"}],"curies":[{"name":"wp","href":"https:\/\/api.w.org\/{rel}","templated":true}]}}