{"id":20299,"date":"2024-06-10T10:30:54","date_gmt":"2024-06-10T08:30:54","guid":{"rendered":"https:\/\/zszastavka.cz\/?p=20299"},"modified":"2026-03-30T10:27:31","modified_gmt":"2026-03-30T08:27:31","slug":"volby-do-skolske-rady","status":"publish","type":"post","link":"https:\/\/zszastavka.cz\/?p=20299","title":{"rendered":"Volby do \u0161kolsk\u00e9 rady (dopln\u011bno o kandid\u00e1ty)"},"content":{"rendered":"\n<p>Na z\u00e1klad\u011b \u00a7 167 odst. 4 z\u00e1kona 561\/2004 Sb. ve zn\u011bn\u00ed pozd\u011bj\u0161\u00edch p\u0159edpis\u016f a na z\u00e1klad\u011b usnesen\u00ed Zastupitelstva obce Zast\u00e1vka ze dne 18. 5. 2005 <strong>vyhla\u0161uji volby do \u0161kolsk\u00e9 rady<\/strong> Z\u00e1kladn\u00ed \u0161koly a Mate\u0159sk\u00e9 \u0161koly T. G. Masaryka Zast\u00e1vka, p\u0159\u00edsp\u011bvkov\u00e1 organizace.<\/p>\n\n\n\n<!--more-->\n\n\n\n<hr class=\"wp-block-separator has-alpha-channel-opacity\"\/>\n\n\n\n<p>Kandidaturu do \u0161kolsk\u00e9 rady p\u0159i Z\u00e1kladn\u00ed \u0161kole a Mate\u0159sk\u00e9 \u0161kole T. G. Masaryka Zast\u00e1vka, p\u0159\u00edsp\u011bvkov\u00e1 organizace p\u0159ijali z&nbsp;\u0159ad z\u00e1konn\u00fdch z\u00e1stupc\u016f nezletil\u00fdch \u017e\u00e1k\u016f n\u00e1sleduj\u00edc\u00ed kandid\u00e1ti:<\/p>\n\n\n\n<ul class=\"wp-block-list\">\n<li class=\"has-small-font-size\">Pavel Chmel\u00ed\u010dek<\/li>\n\n\n\n<li class=\"has-small-font-size\">MUDr. Lenka Janzov\u00e1<\/li>\n\n\n\n<li class=\"has-small-font-size\">Martin Musil<\/li>\n\n\n\n<li class=\"has-small-font-size\">Nikola Posp\u00ed\u0161ilov\u00e1<\/li>\n\n\n\n<li class=\"has-small-font-size\">Ivana Vesel\u00e1<\/li>\n<\/ul>\n\n\n\n<p>Z t\u011bchto kandid\u00e1t\u016f vol\u00ed z\u00e1konn\u00ed z\u00e1stupci nezletil\u00fdch \u017e\u00e1k\u016f (maxim\u00e1ln\u011b t\u0159i \u010dleny).<\/p>\n\n\n\n<p class=\"has-white-color has-vivid-cyan-blue-background-color has-text-color has-background has-link-color wp-elements-27afede708a454631afec0a7de664153\">Volby se budou konat v&nbsp;pond\u011bl\u00ed<strong> 17. \u010dervna 2024 <\/strong>v dob\u011b<strong> od 8.00 do 17.30 hodin <\/strong>v budov\u011b \u0161koly.<\/p>\n\n\n\n<p>Seznam kandid\u00e1t\u016f do \u0161kolsk\u00e9 rady bude zve\u0159ejn\u011bn na vchodu do \u0161koln\u00ed budovy a na internetov\u00fdch str\u00e1nk\u00e1ch \u0161koly a obce <strong>nejpozd\u011bji 10.&nbsp;\u010dervna&nbsp;2024. <\/strong>Volebn\u00ed l\u00edstek se seznamem kandid\u00e1t\u016f bude p\u0159ed\u00e1n z\u00e1konn\u00fdm z\u00e1stupc\u016fm v den voleb<strong> 17.&nbsp;\u010dervna&nbsp;2024<\/strong> v&nbsp;kancel\u00e1\u0159i \u0161koly.<\/p>\n\n\n\n<p class=\"has-text-align-right\"><em>Ing. Zden\u011bk Strnad, \u0159editel \u0161koly<\/em><\/p>\n","protected":false},"excerpt":{"rendered":"<p>Na z\u00e1klad\u011b \u00a7 167 odst. 4 z\u00e1kona 561\/2004 Sb. ve zn\u011bn\u00ed pozd\u011bj\u0161\u00edch p\u0159edpis\u016f a na z\u00e1klad\u011b usnesen\u00ed Zastupitelstva obce Zast\u00e1vka ze dne 18. 5. 2005 vyhla\u0161uji volby do \u0161kolsk\u00e9 rady Z\u00e1kladn\u00ed \u0161koly a Mate\u0159sk\u00e9 \u0161koly T. G. Masaryka Zast\u00e1vka, p\u0159\u00edsp\u011bvkov\u00e1 organizace.<\/p>\n","protected":false},"author":3,"featured_media":20300,"comment_status":"closed","ping_status":"closed","sticky":false,"template":"","format":"standard","meta":{"footnotes":""},"categories":[170,5,3,201],"tags":[30,202,67],"class_list":["post-20299","post","type-post","status-publish","format-standard","has-post-thumbnail","hentry","category-2023-2024","category-kalendar-akci","category-novinky","category-skolska-rada","tag-kalendar","tag-sr","tag-zs"],"_links":{"self":[{"href":"https:\/\/zszastavka.cz\/index.php?rest_route=\/wp\/v2\/posts\/20299","targetHints":{"allow":["GET"]}}],"collection":[{"href":"https:\/\/zszastavka.cz\/index.php?rest_route=\/wp\/v2\/posts"}],"about":[{"href":"https:\/\/zszastavka.cz\/index.php?rest_route=\/wp\/v2\/types\/post"}],"author":[{"embeddable":true,"href":"https:\/\/zszastavka.cz\/index.php?rest_route=\/wp\/v2\/users\/3"}],"replies":[{"embeddable":true,"href":"https:\/\/zszastavka.cz\/index.php?rest_route=%2Fwp%2Fv2%2Fcomments&post=20299"}],"version-history":[{"count":7,"href":"https:\/\/zszastavka.cz\/index.php?rest_route=\/wp\/v2\/posts\/20299\/revisions"}],"predecessor-version":[{"id":27063,"href":"https:\/\/zszastavka.cz\/index.php?rest_route=\/wp\/v2\/posts\/20299\/revisions\/27063"}],"wp:featuredmedia":[{"embeddable":true,"href":"https:\/\/zszastavka.cz\/index.php?rest_route=\/wp\/v2\/media\/20300"}],"wp:attachment":[{"href":"https:\/\/zszastavka.cz\/index.php?rest_route=%2Fwp%2Fv2%2Fmedia&parent=20299"}],"wp:term":[{"taxonomy":"category","embeddable":true,"href":"https:\/\/zszastavka.cz\/index.php?rest_route=%2Fwp%2Fv2%2Fcategories&post=20299"},{"taxonomy":"post_tag","embeddable":true,"href":"https:\/\/zszastavka.cz\/index.php?rest_route=%2Fwp%2Fv2%2Ftags&post=20299"}],"curies":[{"name":"wp","href":"https:\/\/api.w.org\/{rel}","templated":true}]}}