{"id":18747,"date":"2024-11-13T07:30:00","date_gmt":"2024-11-13T06:30:00","guid":{"rendered":"https:\/\/zszastavka.cz\/?p=18747"},"modified":"2024-11-11T07:34:51","modified_gmt":"2024-11-11T06:34:51","slug":"17-listopad-den-boje-za-svobodu-a-demokracii","status":"publish","type":"post","link":"https:\/\/zszastavka.cz\/?p=18747","title":{"rendered":"17.\u00a0listopad \u2013 Den boje za svobodu a demokracii"},"content":{"rendered":"\n<p>Na den 17. listopadu p\u0159ipad\u00e1 st\u00e1tn\u00ed sv\u00e1tek &#8211; Den boje za svobodu a demokracii. K tomuto datu se v\u00e1\u017e\u00ed hned dv\u011b ud\u00e1losti.<\/p>\n\n\n\n<p>V polovin\u011b listopadu roku 1989 do\u0161lo nejen v na\u0161ich d\u011bjin\u00e1ch ke zvratu, kter\u00fd znamenal konec studen\u00e9 v\u00e1lky, totalitn\u00edho re\u017eimu, p\u00e1d Sov\u011btsk\u00e9ho svazu a jeho satelit\u016f. Evropa, rozd\u011blen\u00e1 \u017eeleznou oponou, za\u010dala ps\u00e1t novou epizodu sv\u00fdch d\u011bjin. V\u00fdchodn\u00ed blok p\u0159estal existovat. P\u0159esto, \u017ee sled ud\u00e1lost\u00ed, kter\u00e9 za\u010daly zd\u00e1nliv\u011b poklidnou studentskou demonstrac\u00ed, je dodnes p\u0159edm\u011btem nejr\u016fzn\u011bj\u0161\u00edch konspira\u010dn\u00edch teori\u00ed, m\u016f\u017eeme s jistotou \u0159\u00edci, \u017ee komunistick\u00e9mu re\u017eimu do\u0161el dech.<\/p>\n\n\n\n<p>Den 17. listopad tak ji\u017e podruh\u00e9\u00a0natrvalo vstoupil do na\u0161ich d\u011bjin. V\u00edte, pro\u010d se tento den slav\u00ed mezin\u00e1rodn\u00ed den studenstva? <\/p>\n\n\n\n<p>Po vzniku protektor\u00e1tu \u010cechy a Morava byl ofici\u00e1ln\u011b zru\u0161en nejv\u00fdznamn\u011bj\u0161\u00ed \u010deskoslovensk\u00fd st\u00e1tn\u00ed sv\u00e1tek, 28. \u0159\u00edjen. Proti nemo\u017enosti oslavit v\u00fdro\u010d\u00ed vzniku samostatn\u00e9ho \u010ceskoslovenska se v roce 1939 vydali po cel\u00e9 republice protestovat (nejen) studenti \u010desk\u00fdch vysok\u00fdch \u0161kol. Nacist\u00e9 pra\u017eskou demonstraci potla\u010dili ostrou st\u0159elbou. Na jej\u00ed n\u00e1sledky zahynuli dva \u00fa\u010dastn\u00edci demonstrace, d\u011bln\u00edk V\u00e1clav Sedl\u00e1\u010dek na m\u00edst\u011b, student Jan Opletal o dva t\u00fddny pozd\u011bji na n\u00e1sledky zran\u011bn\u00ed.<\/p>\n\n\n\n<p>Zdroje: <br><a href=\"https:\/\/edu.ceskatelevize.cz\/okruh\/17-listopad\">https:\/\/edu.ceskatelevize.cz\/okruh\/17-listopad<\/a><br><a href=\"https:\/\/edu.ceskatelevize.cz\/namet\/sedmnacty-listopad-pro-zaky-1-stupne\">https:\/\/edu.ceskatelevize.cz\/namet\/sedmnacty-listopad-pro-zaky-1-stupne<\/a><br><a href=\"https:\/\/edu.ceskatelevize.cz\/namet\/17-listopad-1939\">https:\/\/edu.ceskatelevize.cz\/namet\/17-listopad-1939<\/a><\/p>\n","protected":false},"excerpt":{"rendered":"<p>Na den 17. listopadu p\u0159ipad\u00e1 st\u00e1tn\u00ed sv\u00e1tek &#8211; Den boje za svobodu a demokracii. K tomuto datu se v\u00e1\u017e\u00ed hned dv\u011b ud\u00e1losti. V polovin\u011b listopadu roku 1989 do\u0161lo nejen v na\u0161ich d\u011bjin\u00e1ch ke zvratu, kter\u00fd znamenal konec studen\u00e9 v\u00e1lky, totalitn\u00edho re\u017eimu, p\u00e1d Sov\u011btsk\u00e9ho svazu a jeho satelit\u016f. Evropa, rozd\u011blen\u00e1 \u017eeleznou oponou, za\u010dala ps\u00e1t novou epizodu&hellip;<\/p>\n","protected":false},"author":1,"featured_media":18748,"comment_status":"closed","ping_status":"closed","sticky":false,"template":"","format":"standard","meta":{"footnotes":""},"categories":[203,5,3],"tags":[30],"class_list":["post-18747","post","type-post","status-publish","format-standard","has-post-thumbnail","hentry","category-2024-2025","category-kalendar-akci","category-novinky","tag-kalendar"],"_links":{"self":[{"href":"https:\/\/zszastavka.cz\/index.php?rest_route=\/wp\/v2\/posts\/18747","targetHints":{"allow":["GET"]}}],"collection":[{"href":"https:\/\/zszastavka.cz\/index.php?rest_route=\/wp\/v2\/posts"}],"about":[{"href":"https:\/\/zszastavka.cz\/index.php?rest_route=\/wp\/v2\/types\/post"}],"author":[{"embeddable":true,"href":"https:\/\/zszastavka.cz\/index.php?rest_route=\/wp\/v2\/users\/1"}],"replies":[{"embeddable":true,"href":"https:\/\/zszastavka.cz\/index.php?rest_route=%2Fwp%2Fv2%2Fcomments&post=18747"}],"version-history":[{"count":2,"href":"https:\/\/zszastavka.cz\/index.php?rest_route=\/wp\/v2\/posts\/18747\/revisions"}],"predecessor-version":[{"id":18751,"href":"https:\/\/zszastavka.cz\/index.php?rest_route=\/wp\/v2\/posts\/18747\/revisions\/18751"}],"wp:featuredmedia":[{"embeddable":true,"href":"https:\/\/zszastavka.cz\/index.php?rest_route=\/wp\/v2\/media\/18748"}],"wp:attachment":[{"href":"https:\/\/zszastavka.cz\/index.php?rest_route=%2Fwp%2Fv2%2Fmedia&parent=18747"}],"wp:term":[{"taxonomy":"category","embeddable":true,"href":"https:\/\/zszastavka.cz\/index.php?rest_route=%2Fwp%2Fv2%2Fcategories&post=18747"},{"taxonomy":"post_tag","embeddable":true,"href":"https:\/\/zszastavka.cz\/index.php?rest_route=%2Fwp%2Fv2%2Ftags&post=18747"}],"curies":[{"name":"wp","href":"https:\/\/api.w.org\/{rel}","templated":true}]}}