{"id":18037,"date":"2023-09-13T09:05:30","date_gmt":"2023-09-13T07:05:30","guid":{"rendered":"https:\/\/zszastavka.cz\/?p=18037"},"modified":"2023-09-13T09:06:35","modified_gmt":"2023-09-13T07:06:35","slug":"upozorneni","status":"publish","type":"post","link":"https:\/\/zszastavka.cz\/?p=18037","title":{"rendered":"Upozorn\u011bn\u00ed"},"content":{"rendered":"\n<p>Upozor\u0148ujeme z\u00e1konn\u00e9 z\u00e1stupce \u017e\u00e1k\u016f z P\u0159\u00edbrami na Morav\u011b na <strong>\u00faplnou uzav\u00edrku komunikace III\/3958<\/strong> v \u00faseku od konce obce P\u0159\u00edbram n.\u00a0M. po k\u0159i\u017eovatku komunikace II\/395 v dob\u011b <strong>od p\u00e1tku 15.\u00a09.\u00a02023 do p\u00e1tku 6.\u00a010.\u00a02023<\/strong>.<\/p>\n\n\n\n<!--more-->\n\n\n\n<p>Pokud nenastanou neo\u010dek\u00e1van\u00e9 komplikace, m\u011bla by b\u00fdt tato uzav\u00edrka otev\u0159ena v pond\u011bl\u00ed 2.&nbsp;10.&nbsp;2023. V danou dobu nebudou linkov\u00e9 autobusy zaj\u00ed\u017ed\u011bt do P\u0159\u00edbrami na Morav\u011b a bude vyu\u017e\u00edv\u00e1na pouze aut. zast\u00e1vka P\u0159\u00edbram n.&nbsp;M. \u2013 rozcest\u00ed.<\/p>\n\n\n\n<p class=\"has-black-color has-pale-cyan-blue-background-color has-text-color has-background\"><strong>Ve dnech od 15.\u00a09.\u00a02023 do 27.\u00a09.\u00a02023 bude v pracovn\u00ed dny p\u0159istaven autobus na autobusov\u00e9 zast\u00e1vce P\u0159\u00edbram n.\u00a0M.- Brodek v 7:20. Pojede sm\u011brem na Vysok\u00e9 Popovice se zast\u00e1vkou v 7:22 P\u0159\u00edbram n.\u00a0M. \u2013 Jednota. Kone\u010dn\u00e1 zast\u00e1vka je Zast\u00e1vka \u2013 \u017eel. stanice.<br><br>V opa\u010dn\u00e9m sm\u011bru ve stejn\u00e9 dny bude p\u0159istaven autobus u zast\u00e1vky Zast\u00e1vka \u2013 \u017eel. stanice v 13:50.<br>Cesta t\u00edmto autobusem bude pro p\u0159\u00edbramsk\u00e9 ob\u010dany zdarma.<\/strong><\/p>\n\n\n\n<p>Cestuj\u00edc\u00ed nevyu\u017e\u00edvaj\u00edc\u00ed tohoto autobusu mohou odj\u00ed\u017ed\u011bt a p\u0159ij\u00ed\u017ed\u011bt z aut. zast\u00e1vky P\u0159\u00edbram n. M. \u2013 rozcest\u00ed. Pro p\u0159\u00edchod k zast\u00e1vce vyu\u017eij\u00ed stezku pro p\u011b\u0161\u00ed a nevystavuj\u00ed se riziku \u00farazu, pokud by proch\u00e1zeli staveni\u0161t\u011bm.<\/p>\n","protected":false},"excerpt":{"rendered":"<p>Upozor\u0148ujeme z\u00e1konn\u00e9 z\u00e1stupce \u017e\u00e1k\u016f z P\u0159\u00edbrami na Morav\u011b na \u00faplnou uzav\u00edrku komunikace III\/3958 v \u00faseku od konce obce P\u0159\u00edbram n.\u00a0M. po k\u0159i\u017eovatku komunikace II\/395 v dob\u011b od p\u00e1tku 15.\u00a09.\u00a02023 do p\u00e1tku 6.\u00a010.\u00a02023.<\/p>\n","protected":false},"author":1,"featured_media":8401,"comment_status":"closed","ping_status":"closed","sticky":false,"template":"","format":"standard","meta":{"footnotes":""},"categories":[170,90,3],"tags":[67],"class_list":["post-18037","post","type-post","status-publish","format-standard","has-post-thumbnail","hentry","category-2023-2024","category-aktualne","category-novinky","tag-zs"],"_links":{"self":[{"href":"https:\/\/zszastavka.cz\/index.php?rest_route=\/wp\/v2\/posts\/18037","targetHints":{"allow":["GET"]}}],"collection":[{"href":"https:\/\/zszastavka.cz\/index.php?rest_route=\/wp\/v2\/posts"}],"about":[{"href":"https:\/\/zszastavka.cz\/index.php?rest_route=\/wp\/v2\/types\/post"}],"author":[{"embeddable":true,"href":"https:\/\/zszastavka.cz\/index.php?rest_route=\/wp\/v2\/users\/1"}],"replies":[{"embeddable":true,"href":"https:\/\/zszastavka.cz\/index.php?rest_route=%2Fwp%2Fv2%2Fcomments&post=18037"}],"version-history":[{"count":4,"href":"https:\/\/zszastavka.cz\/index.php?rest_route=\/wp\/v2\/posts\/18037\/revisions"}],"predecessor-version":[{"id":20065,"href":"https:\/\/zszastavka.cz\/index.php?rest_route=\/wp\/v2\/posts\/18037\/revisions\/20065"}],"wp:featuredmedia":[{"embeddable":true,"href":"https:\/\/zszastavka.cz\/index.php?rest_route=\/wp\/v2\/media\/8401"}],"wp:attachment":[{"href":"https:\/\/zszastavka.cz\/index.php?rest_route=%2Fwp%2Fv2%2Fmedia&parent=18037"}],"wp:term":[{"taxonomy":"category","embeddable":true,"href":"https:\/\/zszastavka.cz\/index.php?rest_route=%2Fwp%2Fv2%2Fcategories&post=18037"},{"taxonomy":"post_tag","embeddable":true,"href":"https:\/\/zszastavka.cz\/index.php?rest_route=%2Fwp%2Fv2%2Ftags&post=18037"}],"curies":[{"name":"wp","href":"https:\/\/api.w.org\/{rel}","templated":true}]}}