{"id":13225,"date":"2025-10-24T19:54:24","date_gmt":"2025-10-24T17:54:24","guid":{"rendered":"https:\/\/zszastavka.cz\/?p=13225"},"modified":"2025-10-24T19:55:51","modified_gmt":"2025-10-24T17:55:51","slug":"podzimni-prazdniny-28-rijen","status":"publish","type":"post","link":"https:\/\/zszastavka.cz\/?p=13225","title":{"rendered":"Podzimn\u00ed pr\u00e1zdniny \u2013 28.\u00a0\u0159\u00edjen"},"content":{"rendered":"\n<p>V pond\u011bl\u00ed 27.\u00a0\u0159\u00edjna a ve\u00a0st\u0159edu 29.\u00a0\u0159\u00edjna maj\u00ed d\u011bti podzimn\u00ed pr\u00e1zdniny. <br><strong>\u00dater\u00fd 28.\u00a0\u0159\u00edjna je st\u00e1tn\u00edm sv\u00e1tkem<\/strong> \u2013 <strong>Den vzniku \u010ceskoslovenska.<\/strong><\/p>\n\n\n\n<!--more-->\n\n\n\n<p>Pro\u010d \u010ce\u0161i usilovali o samostatn\u00fd st\u00e1t a pro\u010d se k nim nakonec p\u0159ipojili Slov\u00e1ci? Za jak\u00fdch okolnost\u00ed k tomu do\u0161lo a kdo se o to nejv\u00edc zaslou\u017eil? Jak\u00e9 byly dal\u0161\u00ed osudy dnes ji\u017e 30 let neexistuj\u00edc\u00edho st\u00e1tu? Kte\u0159\u00ed \u010cechoslov\u00e1ci dobyli sv\u011bt?<\/p>\n\n\n\n<p>(Zdroj: <a href=\"https:\/\/edu.ceskatelevize.cz\/namet\/co-slavime-28-rijna?vsrc=okruh&amp;vsrcid=28-rijen\" target=\"_blank\" rel=\"noreferrer noopener\">https:\/\/edu.ceskatelevize.cz\/namet\/co-slavime-28-rijna?vsrc=okruh&amp;vsrcid=28-rijen<\/a>)<\/p>\n\n\n\n<p>P\u0159ipome\u0148te si s d\u011btmi a spole\u010dn\u011b s n\u00e1mi, pro\u010d pova\u017eujeme 28.&nbsp;\u0159\u00edjen za z\u0159ejm\u011b nejv\u011bt\u0161\u00ed st\u00e1tn\u00ed sv\u00e1tek.<\/p>\n\n\n\n<p>(Zdroj fotografie: <a href=\"https:\/\/commons.wikimedia.org\/wiki\/File:TGM_Tabor_21.12.1918_3462a.jpg\">Josef Jind\u0159ich \u0160echtl<\/a>, <a href=\"http:\/\/creativecommons.org\/licenses\/by-sa\/3.0\/\">CC BY-SA 3.0<\/a>, via Wikimedia Commons)<\/p>\n","protected":false},"excerpt":{"rendered":"<p>V pond\u011bl\u00ed 27.\u00a0\u0159\u00edjna a ve\u00a0st\u0159edu 29.\u00a0\u0159\u00edjna maj\u00ed d\u011bti podzimn\u00ed pr\u00e1zdniny. \u00dater\u00fd 28.\u00a0\u0159\u00edjna je st\u00e1tn\u00edm sv\u00e1tkem \u2013 Den vzniku \u010ceskoslovenska.<\/p>\n","protected":false},"author":1,"featured_media":13226,"comment_status":"closed","ping_status":"closed","sticky":false,"template":"","format":"standard","meta":{"footnotes":""},"categories":[228,5,3],"tags":[64,67],"class_list":["post-13225","post","type-post","status-publish","format-standard","has-post-thumbnail","hentry","category-2025-2026","category-kalendar-akci","category-novinky","tag-ms","tag-zs"],"_links":{"self":[{"href":"https:\/\/zszastavka.cz\/index.php?rest_route=\/wp\/v2\/posts\/13225","targetHints":{"allow":["GET"]}}],"collection":[{"href":"https:\/\/zszastavka.cz\/index.php?rest_route=\/wp\/v2\/posts"}],"about":[{"href":"https:\/\/zszastavka.cz\/index.php?rest_route=\/wp\/v2\/types\/post"}],"author":[{"embeddable":true,"href":"https:\/\/zszastavka.cz\/index.php?rest_route=\/wp\/v2\/users\/1"}],"replies":[{"embeddable":true,"href":"https:\/\/zszastavka.cz\/index.php?rest_route=%2Fwp%2Fv2%2Fcomments&post=13225"}],"version-history":[{"count":11,"href":"https:\/\/zszastavka.cz\/index.php?rest_route=\/wp\/v2\/posts\/13225\/revisions"}],"predecessor-version":[{"id":24716,"href":"https:\/\/zszastavka.cz\/index.php?rest_route=\/wp\/v2\/posts\/13225\/revisions\/24716"}],"wp:featuredmedia":[{"embeddable":true,"href":"https:\/\/zszastavka.cz\/index.php?rest_route=\/wp\/v2\/media\/13226"}],"wp:attachment":[{"href":"https:\/\/zszastavka.cz\/index.php?rest_route=%2Fwp%2Fv2%2Fmedia&parent=13225"}],"wp:term":[{"taxonomy":"category","embeddable":true,"href":"https:\/\/zszastavka.cz\/index.php?rest_route=%2Fwp%2Fv2%2Fcategories&post=13225"},{"taxonomy":"post_tag","embeddable":true,"href":"https:\/\/zszastavka.cz\/index.php?rest_route=%2Fwp%2Fv2%2Ftags&post=13225"}],"curies":[{"name":"wp","href":"https:\/\/api.w.org\/{rel}","templated":true}]}}