{"id":13005,"date":"2022-08-01T12:55:39","date_gmt":"2022-08-01T10:55:39","guid":{"rendered":"https:\/\/zszastavka.cz\/?p=13005"},"modified":"2023-06-27T10:21:46","modified_gmt":"2023-06-27T08:21:46","slug":"slavnostni-zahajeni-skolniho-roku-2","status":"publish","type":"post","link":"https:\/\/zszastavka.cz\/?p=13005","title":{"rendered":"Slavnostn\u00ed zah\u00e1jen\u00ed \u0161koln\u00edho roku"},"content":{"rendered":"\n<p>Z\u00e1kladn\u00ed \u0161kola a Mate\u0159sk\u00e1 \u0161kola T.\u00a0G.\u00a0Masaryka Zast\u00e1vka, p\u0159\u00edsp\u011bvkov\u00e1 organizace sd\u011bluje z\u00e1konn\u00fdm z\u00e1stupc\u016fm a\u00a0\u017e\u00e1k\u016fm, \u017ee \u0161koln\u00ed rok 2022\/2023 za\u010d\u00edn\u00e1 ve <strong>\u010dtvrtek 1. z\u00e1\u0159\u00ed 2022 .<\/strong> Slavnostn\u00ed z\u00e1hajen\u00ed prob\u011bhne v osm hodin p\u0159ed budovou \u0161koly.<\/p>\n\n\n\n<!--more-->\n\n\n\n<p>V&nbsp;p\u0159\u00edpad\u011b nep\u0159\u00edzniv\u00e9ho po\u010das\u00ed bude program ve kmenov\u00fdch t\u0159\u00edd\u00e1ch \u0161koly. V\u00fduka potrv\u00e1 v tento den 1 a\u017e 2 hodiny. <strong>Rodi\u010de nov\u00fdch prv\u0148\u00e1\u010dk\u016f<\/strong> obdr\u017e\u00ed informace po slavnostn\u00edm zah\u00e1jen\u00ed ve t\u0159\u00edd\u00e1ch od t\u0159\u00eddn\u00edch u\u010ditelek.<\/p>\n\n\n\n<p class=\"has-white-color has-vivid-cyan-blue-background-color has-text-color has-background\"><strong>Provoz \u0161koln\u00ed dru\u017einy<\/strong> za\u010d\u00edn\u00e1 pro p\u0159ihl\u00e1\u0161en\u00e9 d\u011bti v p\u00e1tek 2. z\u00e1\u0159\u00ed 2022.<br>P\u0159ihl\u00e1\u0161ku si bude mo\u017en\u00e9 vyzvednout od vedouc\u00ed vychovatelky Mgr. M. Ku\u010derov\u00e9 1.&nbsp;z\u00e1\u0159\u00ed 2022.<\/p>\n\n\n\n<p><strong>Stravov\u00e1n\u00ed zaji\u0161\u0165uje \u0161koln\u00ed j\u00eddelna gymn\u00e1zia.<\/strong> Informace dostanete na telefonn\u00edm \u010d\u00edsle 546 429 241.<\/p>\n\n\n\n<p>Informace k pom\u016fck\u00e1m a pot\u0159eb\u00e1m \u017e\u00e1k\u016f pro jednotliv\u00e9 ro\u010dn\u00edky naleznete <a href=\"https:\/\/zszastavka.cz\/wp-content\/plugins\/download-attachments\/includes\/download.php?id=kGFYlQPNpr6OPBiH9ndVimvhB0ALjnd6zebh5jkkmeA,\">v souboru<\/a> v rubrice <strong>Ke sta\u017een\u00ed\/Informace<\/strong>.<\/p>\n\n\n\n<p class=\"has-white-color has-vivid-red-background-color has-text-color has-background\">Mezi z\u00e1kladn\u00ed pot\u0159eby z\u00e1konn\u00fdch z\u00e1stupc\u016f pat\u0159\u00ed znalost <strong>u\u017eivatelsk\u00e9ho jm\u00e9na <\/strong>a <strong>hesla<\/strong> do informa\u010dn\u00edho syst\u00e9mu Bakal\u00e1\u0159i. Od \u0161koln\u00edho roku 2022\/2023 nebude pap\u00edrov\u00e1 forma \u017e\u00e1kovsk\u00fdch kn\u00ed\u017eek a informace o studiu zjist\u00ed z\u00e1konn\u00ed z\u00e1stupci v&nbsp;IS Bakal\u00e1\u0159i. <strong>Pro rok 2022\/2023 budou generov\u00e1na nov\u00e1 hesla do IS Bakal\u00e1\u0159i a z\u00e1konn\u00ed z\u00e1stupci je obdr\u017e\u00ed na prvn\u00ed t\u0159\u00eddn\u00ed sch\u016fzce 5. z\u00e1\u0159\u00ed 2022.<\/strong><\/p>\n","protected":false},"excerpt":{"rendered":"<p>Z\u00e1kladn\u00ed \u0161kola a Mate\u0159sk\u00e1 \u0161kola T.\u00a0G.\u00a0Masaryka Zast\u00e1vka, p\u0159\u00edsp\u011bvkov\u00e1 organizace sd\u011bluje z\u00e1konn\u00fdm z\u00e1stupc\u016fm a\u00a0\u017e\u00e1k\u016fm, \u017ee \u0161koln\u00ed rok 2022\/2023 za\u010d\u00edn\u00e1 ve \u010dtvrtek 1. z\u00e1\u0159\u00ed 2022 . Slavnostn\u00ed z\u00e1hajen\u00ed prob\u011bhne v osm hodin p\u0159ed budovou \u0161koly.<\/p>\n","protected":false},"author":1,"featured_media":2988,"comment_status":"closed","ping_status":"closed","sticky":false,"template":"","format":"standard","meta":{"footnotes":""},"categories":[149,90,3],"tags":[78,30,65,67],"class_list":["post-13005","post","type-post","status-publish","format-standard","has-post-thumbnail","hentry","category-skolnirok2022","category-aktualne","category-novinky","tag-jidelna","tag-kalendar","tag-vzdelavani","tag-zs"],"_links":{"self":[{"href":"https:\/\/zszastavka.cz\/index.php?rest_route=\/wp\/v2\/posts\/13005","targetHints":{"allow":["GET"]}}],"collection":[{"href":"https:\/\/zszastavka.cz\/index.php?rest_route=\/wp\/v2\/posts"}],"about":[{"href":"https:\/\/zszastavka.cz\/index.php?rest_route=\/wp\/v2\/types\/post"}],"author":[{"embeddable":true,"href":"https:\/\/zszastavka.cz\/index.php?rest_route=\/wp\/v2\/users\/1"}],"replies":[{"embeddable":true,"href":"https:\/\/zszastavka.cz\/index.php?rest_route=%2Fwp%2Fv2%2Fcomments&post=13005"}],"version-history":[{"count":4,"href":"https:\/\/zszastavka.cz\/index.php?rest_route=\/wp\/v2\/posts\/13005\/revisions"}],"predecessor-version":[{"id":15930,"href":"https:\/\/zszastavka.cz\/index.php?rest_route=\/wp\/v2\/posts\/13005\/revisions\/15930"}],"wp:featuredmedia":[{"embeddable":true,"href":"https:\/\/zszastavka.cz\/index.php?rest_route=\/wp\/v2\/media\/2988"}],"wp:attachment":[{"href":"https:\/\/zszastavka.cz\/index.php?rest_route=%2Fwp%2Fv2%2Fmedia&parent=13005"}],"wp:term":[{"taxonomy":"category","embeddable":true,"href":"https:\/\/zszastavka.cz\/index.php?rest_route=%2Fwp%2Fv2%2Fcategories&post=13005"},{"taxonomy":"post_tag","embeddable":true,"href":"https:\/\/zszastavka.cz\/index.php?rest_route=%2Fwp%2Fv2%2Ftags&post=13005"}],"curies":[{"name":"wp","href":"https:\/\/api.w.org\/{rel}","templated":true}]}}