{"id":11528,"date":"2022-03-11T17:40:59","date_gmt":"2022-03-11T16:40:59","guid":{"rendered":"https:\/\/zszastavka.cz\/?p=11528"},"modified":"2022-03-11T17:40:59","modified_gmt":"2022-03-11T16:40:59","slug":"konec-respiratoru","status":"publish","type":"post","link":"https:\/\/zszastavka.cz\/?p=11528","title":{"rendered":"Konec respir\u00e1tor\u016f"},"content":{"rendered":"\n<p>Mimo\u0159\u00e1dn\u00fdm opat\u0159en\u00edm se od 14.\u00a03.\u00a02022 <strong>ru\u0161\u00ed ve vysok\u00e9 m\u00ed\u0159e povinnost nosit ochrann\u00fd prost\u0159edek ve vnit\u0159n\u00edch prostorech budov<\/strong>. Povinnost nosit ochrann\u00fd prost\u0159edek tak z\u016fst\u00e1v\u00e1 pouze v prost\u0159edc\u00edch ve\u0159ejn\u00e9 dopravy, ve zdravotnick\u00fdch za\u0159\u00edzen\u00edch a ve vybran\u00fdch za\u0159\u00edzen\u00edch soci\u00e1ln\u00edch slu\u017eeb.<\/p>\n\n\n\n<!--more-->\n\n\n\n<p>Ru\u0161\u00ed se tedy mimo jin\u00e9 plo\u0161n\u011b povinnost nosit ochrann\u00fd prost\u0159edek ve \u0161kol\u00e1ch a \u0161kolsk\u00fdch za\u0159\u00edzen\u00edch, a to jak pro d\u011bti, \u017e\u00e1ky a studenty, tak pro zam\u011bstnance \u010di t\u0159et\u00ed osoby nach\u00e1zej\u00edc\u00ed se v \u0161kole \u010di \u0161kolsk\u00e9m za\u0159\u00edzen\u00ed. Nikdo tedy nen\u00ed povinen ve \u0161kole nebo \u0161kolsk\u00e9m za\u0159\u00edzen\u00ed nosit ochrann\u00fd prost\u0159edek.<\/p>\n","protected":false},"excerpt":{"rendered":"<p>Mimo\u0159\u00e1dn\u00fdm opat\u0159en\u00edm se od 14.\u00a03.\u00a02022 ru\u0161\u00ed ve vysok\u00e9 m\u00ed\u0159e povinnost nosit ochrann\u00fd prost\u0159edek ve vnit\u0159n\u00edch prostorech budov. Povinnost nosit ochrann\u00fd prost\u0159edek tak z\u016fst\u00e1v\u00e1 pouze v prost\u0159edc\u00edch ve\u0159ejn\u00e9 dopravy, ve zdravotnick\u00fdch za\u0159\u00edzen\u00edch a ve vybran\u00fdch za\u0159\u00edzen\u00edch soci\u00e1ln\u00edch slu\u017eeb.<\/p>\n","protected":false},"author":1,"featured_media":7051,"comment_status":"closed","ping_status":"closed","sticky":false,"template":"","format":"standard","meta":{"footnotes":""},"categories":[116,72,3],"tags":[18,65],"class_list":["post-11528","post","type-post","status-publish","format-standard","has-post-thumbnail","hentry","category-skolnirok","category-mimoradna-opatreni","category-novinky","tag-mo","tag-vzdelavani"],"_links":{"self":[{"href":"https:\/\/zszastavka.cz\/index.php?rest_route=\/wp\/v2\/posts\/11528","targetHints":{"allow":["GET"]}}],"collection":[{"href":"https:\/\/zszastavka.cz\/index.php?rest_route=\/wp\/v2\/posts"}],"about":[{"href":"https:\/\/zszastavka.cz\/index.php?rest_route=\/wp\/v2\/types\/post"}],"author":[{"embeddable":true,"href":"https:\/\/zszastavka.cz\/index.php?rest_route=\/wp\/v2\/users\/1"}],"replies":[{"embeddable":true,"href":"https:\/\/zszastavka.cz\/index.php?rest_route=%2Fwp%2Fv2%2Fcomments&post=11528"}],"version-history":[{"count":1,"href":"https:\/\/zszastavka.cz\/index.php?rest_route=\/wp\/v2\/posts\/11528\/revisions"}],"predecessor-version":[{"id":11530,"href":"https:\/\/zszastavka.cz\/index.php?rest_route=\/wp\/v2\/posts\/11528\/revisions\/11530"}],"wp:featuredmedia":[{"embeddable":true,"href":"https:\/\/zszastavka.cz\/index.php?rest_route=\/wp\/v2\/media\/7051"}],"wp:attachment":[{"href":"https:\/\/zszastavka.cz\/index.php?rest_route=%2Fwp%2Fv2%2Fmedia&parent=11528"}],"wp:term":[{"taxonomy":"category","embeddable":true,"href":"https:\/\/zszastavka.cz\/index.php?rest_route=%2Fwp%2Fv2%2Fcategories&post=11528"},{"taxonomy":"post_tag","embeddable":true,"href":"https:\/\/zszastavka.cz\/index.php?rest_route=%2Fwp%2Fv2%2Ftags&post=11528"}],"curies":[{"name":"wp","href":"https:\/\/api.w.org\/{rel}","templated":true}]}}