{"id":11475,"date":"2022-02-17T08:25:44","date_gmt":"2022-02-17T07:25:44","guid":{"rendered":"https:\/\/zszastavka.cz\/?p=11475"},"modified":"2022-02-17T08:45:14","modified_gmt":"2022-02-17T07:45:14","slug":"karantenni-opatreni-vi-c","status":"publish","type":"post","link":"https:\/\/zszastavka.cz\/?p=11475","title":{"rendered":"Karant\u00e9nn\u00ed opat\u0159en\u00ed VI.\u00a0C"},"content":{"rendered":"\n<p>V\u00e1\u017een\u00ed z\u00e1konn\u00ed z\u00e1stupci <strong>\u017e\u00e1k\u016f VI.&nbsp;C<\/strong>, KHS n\u00e1s po\u017e\u00e1dala, abychom v\u00e1m p\u0159edali informaci viz n\u00ed\u017ee (m\u011bli byste tak\u00e9 obdr\u017eet syst\u00e9movou SMS ohledn\u011b karant\u00e9ny)&#8230;<\/p>\n\n\n\n<!--more-->\n\n\n\n<p><strong>KHS \u2013 informace rodi\u010d\u016fm<\/strong><\/p>\n\n\n\n<p>Je nutn\u00e9 se \u0159\u00eddit t\u011bmito pokyny:<\/p>\n\n\n\n<p>Karant\u00e9nn\u00ed opat\u0159en\u00ed stanoven\u00e9 ve smyslu \u00a7 2 odst. 7 p\u00edsm. a) z. \u010d. 258\/2000 Sb., o ochran\u011b ve\u0159ejn\u00e9ho zdrav\u00ed, se na\u0159izuj\u00ed v minim\u00e1ln\u00ed d\u00e9lce 5 dn\u00ed od data posledn\u00edho kontaktu s pozitivn\u011b testovanou osobou.<\/p>\n\n\n\n<p>Povinnost podrobit se karant\u00e9n\u011b a p\u0159\u00edpadn\u011b RT-PCR testov\u00e1n\u00ed se vztahuje nov\u011b i na osoby pln\u011b o\u010dkovan\u00e9 proti onemocn\u011bn\u00ed Covid-19.<\/p>\n\n\n\n<p class=\"has-black-color has-pale-cyan-blue-background-color has-text-color has-background\"><em>Karant\u00e9nn\u00ed opat\u0159en\u00ed zahrnuj\u00ed: <\/em>dom\u00e1c\u00ed karant\u00e9nu minim\u00e1ln\u011b po dobu 5 dn\u016f, tedy do pond\u011bl\u00ed <strong>21.&nbsp;2.&nbsp;2022 v\u010detn\u011b<\/strong> (dle data posledn\u00edho kontaktu).<\/p>\n\n\n\n<p>KHS osob\u011b s na\u0159\u00edzenou karant\u00e9nou ukon\u010d\u00ed karant\u00e9nu nejd\u0159\u00edve po 5 dnech ode dne zah\u00e1jen\u00ed karant\u00e9ny. <strong>Osoba, u kter\u00e9 byla karant\u00e9na ukon\u010dena po 5 dnech, monitoruje sv\u016fj zdravotn\u00ed stav a je j\u00ed doporu\u010deno nosit respir\u00e1tor min. t\u0159\u00eddy FFP2 bez v\u00fddechov\u00e9ho ventilu, a to n\u00e1sleduj\u00edc\u00edch 5 dn\u00ed od ukon\u010den\u00ed karant\u00e9ny<\/strong> nad r\u00e1mec mimo\u0159\u00e1dn\u00e9ho opat\u0159en\u00ed pro ochranu d\u00fdchac\u00edch cest, v p\u0159\u00edpad\u011b projevu p\u0159\u00edznak\u016f onemocn\u011bn\u00ed covid-19 v pr\u016fb\u011bhu 14 dn\u00ed od posledn\u00edho kontaktu s potvrzen\u00fdm p\u0159\u00edpadem onemocn\u011bn\u00ed covid-19 se t\u00e9to osob\u011b na\u0159\u00edd\u00ed absolvovat RT-PCR test na p\u0159\u00edtomnost viru SARS-CoV-2 a v p\u0159\u00edpad\u011b pozitivn\u00edho v\u00fdsledku tohoto testu se j\u00ed na\u0159\u00edd\u00ed izolace podle \u010dl. I. p\u00edsm. a).<\/p>\n\n\n\n<p><em>Karant\u00e9na se nena\u0159izuje osob\u00e1m, kter\u00e9 nevykazuj\u00ed klinick\u00e9 p\u0159\u00edznaky onemocn\u011bn\u00ed Covid-19, prod\u011blaly onemocn\u011bn\u00ed Covid-19 potvrzen\u00e9 laboratorn\u011b metodou RT-PCR, uplynula u n\u00ed doba izolace na\u0159\u00edzen\u00e1 v souvislosti s prod\u011bl\u00e1n\u00edm onemocn\u011bn\u00ed Covid-19 a od prvn\u00edho pozitivn\u00edho v\u00fdsledku RT-PCR testu na p\u0159\u00edtomnost viru SARS-CoV-2 neuplynulo v\u00edce ne\u017e 30 dn\u00ed, p\u0159i\u010dem\u017e tato lh\u016fta po\u010d\u00edn\u00e1 b\u011b\u017eet dnem n\u00e1sleduj\u00edc\u00edm po dni proveden\u00ed tohoto testu.<\/em><\/p>\n","protected":false},"excerpt":{"rendered":"<p>V\u00e1\u017een\u00ed z\u00e1konn\u00ed z\u00e1stupci \u017e\u00e1k\u016f VI.&nbsp;C, KHS n\u00e1s po\u017e\u00e1dala, abychom v\u00e1m p\u0159edali informaci viz n\u00ed\u017ee (m\u011bli byste tak\u00e9 obdr\u017eet syst\u00e9movou SMS ohledn\u011b karant\u00e9ny)&#8230;<\/p>\n","protected":false},"author":1,"featured_media":8062,"comment_status":"closed","ping_status":"closed","sticky":false,"template":"","format":"standard","meta":{"footnotes":""},"categories":[116,72,3],"tags":[18,67],"class_list":["post-11475","post","type-post","status-publish","format-standard","has-post-thumbnail","hentry","category-skolnirok","category-mimoradna-opatreni","category-novinky","tag-mo","tag-zs"],"_links":{"self":[{"href":"https:\/\/zszastavka.cz\/index.php?rest_route=\/wp\/v2\/posts\/11475","targetHints":{"allow":["GET"]}}],"collection":[{"href":"https:\/\/zszastavka.cz\/index.php?rest_route=\/wp\/v2\/posts"}],"about":[{"href":"https:\/\/zszastavka.cz\/index.php?rest_route=\/wp\/v2\/types\/post"}],"author":[{"embeddable":true,"href":"https:\/\/zszastavka.cz\/index.php?rest_route=\/wp\/v2\/users\/1"}],"replies":[{"embeddable":true,"href":"https:\/\/zszastavka.cz\/index.php?rest_route=%2Fwp%2Fv2%2Fcomments&post=11475"}],"version-history":[{"count":2,"href":"https:\/\/zszastavka.cz\/index.php?rest_route=\/wp\/v2\/posts\/11475\/revisions"}],"predecessor-version":[{"id":11477,"href":"https:\/\/zszastavka.cz\/index.php?rest_route=\/wp\/v2\/posts\/11475\/revisions\/11477"}],"wp:featuredmedia":[{"embeddable":true,"href":"https:\/\/zszastavka.cz\/index.php?rest_route=\/wp\/v2\/media\/8062"}],"wp:attachment":[{"href":"https:\/\/zszastavka.cz\/index.php?rest_route=%2Fwp%2Fv2%2Fmedia&parent=11475"}],"wp:term":[{"taxonomy":"category","embeddable":true,"href":"https:\/\/zszastavka.cz\/index.php?rest_route=%2Fwp%2Fv2%2Fcategories&post=11475"},{"taxonomy":"post_tag","embeddable":true,"href":"https:\/\/zszastavka.cz\/index.php?rest_route=%2Fwp%2Fv2%2Ftags&post=11475"}],"curies":[{"name":"wp","href":"https:\/\/api.w.org\/{rel}","templated":true}]}}