{"id":10338,"date":"2021-11-15T16:53:20","date_gmt":"2021-11-15T15:53:20","guid":{"rendered":"https:\/\/zszastavka.cz\/?p=10338"},"modified":"2025-11-10T17:30:08","modified_gmt":"2025-11-10T16:30:08","slug":"testovani-v-terminech-22-a-29-listopadu-2021","status":"publish","type":"post","link":"https:\/\/zszastavka.cz\/?p=10338","title":{"rendered":"Testov\u00e1n\u00ed v term\u00ednech 22. a 29.\u00a0listopadu 2021"},"content":{"rendered":"\n<p>Dne 12.\u00a0listopadu 2021 Vl\u00e1da \u010cR schv\u00e1lila s \u00fa\u010dinnost\u00ed od 22.\u00a0listopadu 2021 mimo\u0159\u00e1dn\u00e9 opat\u0159en\u00ed Ministerstva zdravotnictv\u00ed, ze kter\u00e9ho vypl\u00fdv\u00e1, \u017ee na cel\u00e9m \u00fazem\u00ed \u010cesk\u00e9 republiky <strong>prob\u011bhne ve dnech 22. a 29.\u00a0listopadu 2021 testov\u00e1n\u00ed<\/strong> na onemocn\u011bn\u00ed covid-19, a to na v\u0161ech \u0161kol\u00e1ch zapsan\u00fdch do \u0161kolsk\u00e9ho rejst\u0159\u00edku, s v\u00fdjimkou \u0161kol z\u0159izovan\u00fdch Ministerstvem spravedlnosti, \u0161kol z\u0159\u00edzen\u00fdch p\u0159i za\u0159\u00edzen\u00ed pro v\u00fdkon \u00fastavn\u00ed nebo ochrann\u00e9 v\u00fdchovy a z\u00e1kladn\u00edch \u0161kol p\u0159i zdravotnick\u00e9m za\u0159\u00edzen\u00ed.<\/p>\n\n\n\n<!--more-->\n\n\n\n<p><strong>Obecn\u011b p\u00e1r informac\u00ed k samotn\u00e9mu testov\u00e1n\u00ed:<\/strong><\/p>\n\n\n\n<ul class=\"wp-block-list\"><li>Screeningov\u00e9 testov\u00e1n\u00ed bude tedy prob\u00edh\u00e1 na v \u0161ech \u0161kol\u00e1ch po cel\u00e9 \u010cR v \u010detn\u011b t\u011bch \u0161kol, kter\u00e9 maj\u00ed m\u00edsto poskytov\u00e1n\u00ed vzd\u011bl\u00e1v\u00e1n\u00ed v t\u011bch okresech, ve kter\u00fdch ji\u017e screeningov\u00e9 testov\u00e1n\u00ed prob\u00edhalo.<\/li><li>Testov\u00e1n\u00ed prob\u011bhne ve dvou term\u00ednech &#8211; 22. a 29. 11. 2021.<\/li><li>Testov\u00e1n\u00ed bude prob\u00edhat na stejn\u00e9m principu jako testov\u00e1n\u00ed, kter\u00e9 prob\u011bhlo v z\u00e1\u0159\u00ed s t\u00edm rozd\u00edlem, \u017ee se testuje pouze v\u00a0pond\u011bl\u00ed (nebo prvn\u00ed den p\u0159\u00edchodu do \u0161koly, pokud nen\u00ed d\u00edt\u011b nebo \u017e\u00e1k v pond\u011bl\u00ed p\u0159\u00edtomen), nebude tedy doch\u00e1zet automaticky k odchodu cel\u00e9 t\u0159\u00eddy do karant\u00e9ny  v p\u0159\u00edpad\u011b pozitivn\u00edho testu, ale tuto situaci bude \u0159e\u0161it m\u00edstn\u011b p\u0159\u00edslu\u0161n\u00e1 KHS.<\/li><li>Testovat se bude antigenn\u00edmi testy, kter\u00e9 budou standartn\u011b distribuov\u00e1ny \u0161kol\u00e1m, na PCR testov\u00e1n\u00ed nebude v tomto p\u0159\u00edpad\u011b poskytov\u00e1n p\u0159\u00edsp\u011bvek ze st\u00e1tn\u00edho rozpo\u010dtu.<\/li><li>Testov\u00e1n\u00ed nen\u00ed bari\u00e9rov\u00e9, proto pokud se d\u011bti, \u017e\u00e1ci nebo zam\u011bstnanci neprok\u00e1\u017e\u00ed OTN, mohou se prezen\u010dn\u00edho vzd\u011bl\u00e1v\u00e1n\u00ed \u00fa\u010dastnit, pokud budou po celou dobu pobytu ve \u0161kole nebo \u0161kolsk\u00e9m za\u0159\u00edzen\u00ed nosit p\u0159\u00edslu\u0161nou ochranu \u00fast a nosu (zam\u011bstnanci jsou povinni v tomto p\u0159\u00edpad\u011b nosit ochranu \u00fast a nosu i ve venkovn\u00edch prostorech).<\/li><\/ul>\n\n\n\n<p>V\u00fdjimky z povinnosti jsou st\u00e1le stejn\u00e9. Testov\u00e1n\u00ed nemus\u00ed podstoupit d\u011bti, kter\u00e9 byly:<\/p>\n\n\n\n<ul class=\"has-white-color has-vivid-cyan-blue-background-color has-text-color has-background wp-block-list\"><li>o\u010dkov\u00e1ny proti onemocn\u011bn\u00ed covid-19 a dolo\u017e\u00ed n\u00e1rodn\u00edm certifik\u00e1tem o proveden\u00e9m o\u010dkov\u00e1n\u00ed nebo certifik\u00e1tem o proveden\u00e9m o\u010dkov\u00e1n\u00ed vyd\u00e1van\u00fdm podle na\u0159\u00edzen\u00ed Evropsk\u00e9 unie o digit\u00e1ln\u00edm certifik\u00e1tu EU COVID1, za podm\u00ednky, \u017ee uplynulo nejm\u00e9n\u011b 14 dn\u00ed od dokon\u010den\u00e9ho o\u010dkovac\u00edho sch\u00e9matu; nebo<\/li><li>prod\u011blaly laboratorn\u011b potvrzen\u00e9 onemocn\u011bn\u00ed covid-19, uplynula u n\u011bj doba na\u0159\u00edzen\u00e9 izolace a od prvn\u00edho pozitivn\u00edho rychl\u00e9ho antigenn\u00edho testu (RAT) na p\u0159\u00edtomnost antigenu viru SARS-CoV-2 nebo RT-PCR testu na p\u0159\u00edtomnost viru SARS-CoV-2 neuplynulo v\u00edce ne\u017e 180 dn\u00ed; nebo<\/li><li>absolvovaly nejd\u00e9le p\u0159ed 72 hodinami dny RT-PCR vy\u0161et\u0159en\u00ed na p\u0159\u00edtomnost viru SARS-CoV-2 s negativn\u00edm v\u00fdsledkem, nebo absolvoval nejd\u00e9le p\u0159ed 24 hodinami rychl\u00fd antigenn\u00ed test (RAT) na p\u0159\u00edtomnost antigenu viru SARS-CoV-2 s negativn\u00edm v\u00fdsledkem.<\/li><\/ul>\n\n\n\n<p>V\u00edce informac\u00ed ke screeningov\u00e9mu testov\u00e1n\u00ed naleznete ZDE.<\/p>\n","protected":false},"excerpt":{"rendered":"<p>Dne 12.\u00a0listopadu 2021 Vl\u00e1da \u010cR schv\u00e1lila s \u00fa\u010dinnost\u00ed od 22.\u00a0listopadu 2021 mimo\u0159\u00e1dn\u00e9 opat\u0159en\u00ed Ministerstva zdravotnictv\u00ed, ze kter\u00e9ho vypl\u00fdv\u00e1, \u017ee na cel\u00e9m \u00fazem\u00ed \u010cesk\u00e9 republiky prob\u011bhne ve dnech 22. a 29.\u00a0listopadu 2021 testov\u00e1n\u00ed na onemocn\u011bn\u00ed covid-19, a to na v\u0161ech \u0161kol\u00e1ch zapsan\u00fdch do \u0161kolsk\u00e9ho rejst\u0159\u00edku, s v\u00fdjimkou \u0161kol z\u0159izovan\u00fdch Ministerstvem spravedlnosti, \u0161kol z\u0159\u00edzen\u00fdch p\u0159i za\u0159\u00edzen\u00ed pro&hellip;<\/p>\n","protected":false},"author":2,"featured_media":9570,"comment_status":"closed","ping_status":"closed","sticky":false,"template":"","format":"standard","meta":{"footnotes":""},"categories":[116,72,3],"tags":[18,129,67],"class_list":["post-10338","post","type-post","status-publish","format-standard","has-post-thumbnail","hentry","category-skolnirok","category-mimoradna-opatreni","category-novinky","tag-mo","tag-testovani","tag-zs"],"_links":{"self":[{"href":"https:\/\/zszastavka.cz\/index.php?rest_route=\/wp\/v2\/posts\/10338","targetHints":{"allow":["GET"]}}],"collection":[{"href":"https:\/\/zszastavka.cz\/index.php?rest_route=\/wp\/v2\/posts"}],"about":[{"href":"https:\/\/zszastavka.cz\/index.php?rest_route=\/wp\/v2\/types\/post"}],"author":[{"embeddable":true,"href":"https:\/\/zszastavka.cz\/index.php?rest_route=\/wp\/v2\/users\/2"}],"replies":[{"embeddable":true,"href":"https:\/\/zszastavka.cz\/index.php?rest_route=%2Fwp%2Fv2%2Fcomments&post=10338"}],"version-history":[{"count":4,"href":"https:\/\/zszastavka.cz\/index.php?rest_route=\/wp\/v2\/posts\/10338\/revisions"}],"predecessor-version":[{"id":24742,"href":"https:\/\/zszastavka.cz\/index.php?rest_route=\/wp\/v2\/posts\/10338\/revisions\/24742"}],"wp:featuredmedia":[{"embeddable":true,"href":"https:\/\/zszastavka.cz\/index.php?rest_route=\/wp\/v2\/media\/9570"}],"wp:attachment":[{"href":"https:\/\/zszastavka.cz\/index.php?rest_route=%2Fwp%2Fv2%2Fmedia&parent=10338"}],"wp:term":[{"taxonomy":"category","embeddable":true,"href":"https:\/\/zszastavka.cz\/index.php?rest_route=%2Fwp%2Fv2%2Fcategories&post=10338"},{"taxonomy":"post_tag","embeddable":true,"href":"https:\/\/zszastavka.cz\/index.php?rest_route=%2Fwp%2Fv2%2Ftags&post=10338"}],"curies":[{"name":"wp","href":"https:\/\/api.w.org\/{rel}","templated":true}]}}