{"id":10239,"date":"2021-10-26T12:09:56","date_gmt":"2021-10-26T10:09:56","guid":{"rendered":"https:\/\/zszastavka.cz\/?p=10239"},"modified":"2021-11-01T08:37:53","modified_gmt":"2021-11-01T07:37:53","slug":"informace-k-provozu-skoly-od-1-listopadu-2021","status":"publish","type":"post","link":"https:\/\/zszastavka.cz\/?p=10239","title":{"rendered":"Informace k provozu \u0161koly od 1.\u00a0listopadu 2021"},"content":{"rendered":"\n<p>Vl\u00e1da \u010cR schv\u00e1lila mimo\u0159\u00e1dn\u00e9 opat\u0159en\u00ed Ministerstva zdravotnictv\u00ed, ze kter\u00e9ho vypl\u00fdv\u00e1, \u017ee na \u00fazem\u00ed vybran\u00fdch okres\u016f prob\u011bhne ve dnech 1. a 8. listopadu 2021 testov\u00e1n\u00ed na onemocn\u011bn\u00ed covid-19, a to d\u011bt\u00ed v p\u0159\u00edpravn\u00fdch t\u0159\u00edd\u00e1ch z\u00e1kladn\u00edch \u0161kol a p\u0159\u00edpravn\u00fdch stupn\u00edch z\u00e1kladn\u00edch \u0161kol speci\u00e1ln\u00edch, \u017e\u00e1k\u016f z\u00e1kladn\u00edch \u0161kol a \u017e\u00e1k\u016f v denn\u00ed form\u011b vzd\u011bl\u00e1v\u00e1n\u00ed ve st\u0159edn\u00edch \u0161kol\u00e1ch a konzervato\u0159\u00edch.<\/p>\n\n\n\n<!--more-->\n\n\n\n<p>Ve <strong>dnech 1.&nbsp;11.&nbsp;2021 a 8.&nbsp;11.&nbsp;2021 prob\u011bhne<\/strong> na z\u00e1klad\u011b rozhodnut\u00ed MZ \u010cR v na\u0161\u00ed \u0161kole <strong>screeningov\u00e9 testov\u00e1n\u00ed \u017e\u00e1k\u016f antigenn\u00edmi testy<\/strong> na COVID-19. D\u011bti, kter\u00e9 se odm\u00edtnou testovat, budou muset m\u00edt po celou dobu v\u00fduky rou\u0161ky a nebudou se moci \u00fa\u010dastnit n\u011bkter\u00fdch aktivit v r\u00e1mci hodin t\u011blesn\u00e9 a hudebn\u00ed v\u00fdchovy.<\/p>\n\n\n\n<p><strong>Testov\u00e1n\u00ed nemus\u00ed podstoupit d\u011bti, kter\u00e9 byly:<\/strong><\/p>\n\n\n\n<ul class=\"has-white-color has-vivid-cyan-blue-background-color has-text-color has-background wp-block-list\"><li>o\u010dkov\u00e1ny proti onemocn\u011bn\u00ed covid-19 a dolo\u017e\u00ed n\u00e1rodn\u00edm certifik\u00e1tem o proveden\u00e9m o\u010dkov\u00e1n\u00ed nebo certifik\u00e1tem o proveden\u00e9m o\u010dkov\u00e1n\u00ed vyd\u00e1van\u00fdm podle na\u0159\u00edzen\u00ed Evropsk\u00e9 unie o digit\u00e1ln\u00edm certifik\u00e1tu EU COVID1, za podm\u00ednky, \u017ee uplynulo nejm\u00e9n\u011b 14 dn\u00ed od dokon\u010den\u00e9ho o\u010dkovac\u00edho sch\u00e9matu; nebo<\/li><li>prod\u011blaly laboratorn\u011b potvrzen\u00e9 onemocn\u011bn\u00ed covid-19, uplynula u n\u011bj doba na\u0159\u00edzen\u00e9 izolace a od prvn\u00edho pozitivn\u00edho rychl\u00e9ho antigenn\u00edho testu (RAT) na p\u0159\u00edtomnost antigenu viru SARS-CoV-2 nebo RT-PCR testu na p\u0159\u00edtomnost viru SARS-CoV-2 neuplynulo v\u00edce ne\u017e 180 dn\u00ed; nebo<\/li><li>absolvovaly nejd\u00e9le p\u0159ed 72 hodinami dny RT-PCR vy\u0161et\u0159en\u00ed na p\u0159\u00edtomnost viru SARS-CoV-2 s negativn\u00edm v\u00fdsledkem, nebo absolvoval nejd\u00e9le p\u0159ed 24 hodinami rychl\u00fd antigenn\u00ed test (RAT) na p\u0159\u00edtomnost antigenu viru SARS-CoV-2 s negativn\u00edm v\u00fdsledkem.<\/li><\/ul>\n","protected":false},"excerpt":{"rendered":"<p>Vl\u00e1da \u010cR schv\u00e1lila mimo\u0159\u00e1dn\u00e9 opat\u0159en\u00ed Ministerstva zdravotnictv\u00ed, ze kter\u00e9ho vypl\u00fdv\u00e1, \u017ee na \u00fazem\u00ed vybran\u00fdch okres\u016f prob\u011bhne ve dnech 1. a 8. listopadu 2021 testov\u00e1n\u00ed na onemocn\u011bn\u00ed covid-19, a to d\u011bt\u00ed v p\u0159\u00edpravn\u00fdch t\u0159\u00edd\u00e1ch z\u00e1kladn\u00edch \u0161kol a p\u0159\u00edpravn\u00fdch stupn\u00edch z\u00e1kladn\u00edch \u0161kol speci\u00e1ln\u00edch, \u017e\u00e1k\u016f z\u00e1kladn\u00edch \u0161kol a \u017e\u00e1k\u016f v denn\u00ed form\u011b vzd\u011bl\u00e1v\u00e1n\u00ed ve st\u0159edn\u00edch \u0161kol\u00e1ch a konzervato\u0159\u00edch.<\/p>\n","protected":false},"author":3,"featured_media":9570,"comment_status":"closed","ping_status":"closed","sticky":false,"template":"","format":"standard","meta":{"footnotes":""},"categories":[116,72,3],"tags":[18,67],"class_list":["post-10239","post","type-post","status-publish","format-standard","has-post-thumbnail","hentry","category-skolnirok","category-mimoradna-opatreni","category-novinky","tag-mo","tag-zs"],"_links":{"self":[{"href":"https:\/\/zszastavka.cz\/index.php?rest_route=\/wp\/v2\/posts\/10239","targetHints":{"allow":["GET"]}}],"collection":[{"href":"https:\/\/zszastavka.cz\/index.php?rest_route=\/wp\/v2\/posts"}],"about":[{"href":"https:\/\/zszastavka.cz\/index.php?rest_route=\/wp\/v2\/types\/post"}],"author":[{"embeddable":true,"href":"https:\/\/zszastavka.cz\/index.php?rest_route=\/wp\/v2\/users\/3"}],"replies":[{"embeddable":true,"href":"https:\/\/zszastavka.cz\/index.php?rest_route=%2Fwp%2Fv2%2Fcomments&post=10239"}],"version-history":[{"count":4,"href":"https:\/\/zszastavka.cz\/index.php?rest_route=\/wp\/v2\/posts\/10239\/revisions"}],"predecessor-version":[{"id":10250,"href":"https:\/\/zszastavka.cz\/index.php?rest_route=\/wp\/v2\/posts\/10239\/revisions\/10250"}],"wp:featuredmedia":[{"embeddable":true,"href":"https:\/\/zszastavka.cz\/index.php?rest_route=\/wp\/v2\/media\/9570"}],"wp:attachment":[{"href":"https:\/\/zszastavka.cz\/index.php?rest_route=%2Fwp%2Fv2%2Fmedia&parent=10239"}],"wp:term":[{"taxonomy":"category","embeddable":true,"href":"https:\/\/zszastavka.cz\/index.php?rest_route=%2Fwp%2Fv2%2Fcategories&post=10239"},{"taxonomy":"post_tag","embeddable":true,"href":"https:\/\/zszastavka.cz\/index.php?rest_route=%2Fwp%2Fv2%2Ftags&post=10239"}],"curies":[{"name":"wp","href":"https:\/\/api.w.org\/{rel}","templated":true}]}}